{"id":1161,"date":"2011-10-10T10:10:18","date_gmt":"2011-10-10T08:10:18","guid":{"rendered":"http:\/\/vu2080.web2.premium-webspace.net\/wopre\/?p=1161"},"modified":"2015-04-29T23:30:35","modified_gmt":"2015-04-29T21:30:35","slug":"neue-parkplaetze-fuer-die-freiwillige-feuerwehr-aumuehle","status":"publish","type":"post","link":"https:\/\/www.feuerwehr-aumuehle.de\/wopre\/neue-parkplaetze-fuer-die-freiwillige-feuerwehr-aumuehle\/","title":{"rendered":"Neue Parkpl\u00e4tze f\u00fcr die Freiwillige Feuerwehr Aum\u00fchle"},"content":{"rendered":"<div id=\"attachment_1162\" class=\"wp-caption aligncenter\" style=\"width: 1748px\"><a  href=\"http:\/\/vu2080.web2.premium-webspace.net\/wopre\/wp-content\/uploads\/2015\/04\/2011-10-10-Reinbeker-S20.png\" data-rel=\"gallery-gallery-0\" data-rl_title=\"\" data-rl_caption=\"\" title=\"\"><img loading=\"lazy\" decoding=\"async\" class=\"size-full wp-image-1162\" src=\"http:\/\/vu2080.web2.premium-webspace.net\/wopre\/wp-content\/uploads\/2015\/04\/2011-10-10-Reinbeker-S20.png\" alt=\"\u201e18 Parkpl\u00e4tze f\u00fcr die Aum\u00fchler Wehr\u201d - Artikel aus Regionalzeitung \u201eDerReinbeker\u201d vom 10.10.2011\" width=\"1748\" height=\"1828\" srcset=\"https:\/\/www.feuerwehr-aumuehle.de\/wopre\/wp-content\/uploads\/2015\/04\/2011-10-10-Reinbeker-S20.png 1748w, https:\/\/www.feuerwehr-aumuehle.de\/wopre\/wp-content\/uploads\/2015\/04\/2011-10-10-Reinbeker-S20-287x300.png 287w, https:\/\/www.feuerwehr-aumuehle.de\/wopre\/wp-content\/uploads\/2015\/04\/2011-10-10-Reinbeker-S20-979x1024.png 979w, https:\/\/www.feuerwehr-aumuehle.de\/wopre\/wp-content\/uploads\/2015\/04\/2011-10-10-Reinbeker-S20-918x960.png 918w\" sizes=\"auto, (max-width: 1748px) 100vw, 1748px\" \/><\/a><p class=\"wp-caption-text\">\u201e18 Parkpl\u00e4tze f\u00fcr die Aum\u00fchler Wehr\u201d &#8211; Artikel aus Regionalzeitung \u201eDerReinbeker\u201d vom 10.10.2011<\/p><\/div>\n","protected":false},"excerpt":{"rendered":"","protected":false},"author":4,"featured_media":1163,"comment_status":"closed","ping_status":"open","sticky":false,"template":"","format":"standard","meta":{"footnotes":""},"categories":[1,52],"tags":[],"class_list":["post-1161","post","type-post","status-publish","format-standard","has-post-thumbnail","hentry","category-aktuelles","category-presse"],"_links":{"self":[{"href":"https:\/\/www.feuerwehr-aumuehle.de\/wopre\/wp-json\/wp\/v2\/posts\/1161","targetHints":{"allow":["GET"]}}],"collection":[{"href":"https:\/\/www.feuerwehr-aumuehle.de\/wopre\/wp-json\/wp\/v2\/posts"}],"about":[{"href":"https:\/\/www.feuerwehr-aumuehle.de\/wopre\/wp-json\/wp\/v2\/types\/post"}],"author":[{"embeddable":true,"href":"https:\/\/www.feuerwehr-aumuehle.de\/wopre\/wp-json\/wp\/v2\/users\/4"}],"replies":[{"embeddable":true,"href":"https:\/\/www.feuerwehr-aumuehle.de\/wopre\/wp-json\/wp\/v2\/comments?post=1161"}],"version-history":[{"count":1,"href":"https:\/\/www.feuerwehr-aumuehle.de\/wopre\/wp-json\/wp\/v2\/posts\/1161\/revisions"}],"predecessor-version":[{"id":1164,"href":"https:\/\/www.feuerwehr-aumuehle.de\/wopre\/wp-json\/wp\/v2\/posts\/1161\/revisions\/1164"}],"wp:featuredmedia":[{"embeddable":true,"href":"https:\/\/www.feuerwehr-aumuehle.de\/wopre\/wp-json\/wp\/v2\/media\/1163"}],"wp:attachment":[{"href":"https:\/\/www.feuerwehr-aumuehle.de\/wopre\/wp-json\/wp\/v2\/media?parent=1161"}],"wp:term":[{"taxonomy":"category","embeddable":true,"href":"https:\/\/www.feuerwehr-aumuehle.de\/wopre\/wp-json\/wp\/v2\/categories?post=1161"},{"taxonomy":"post_tag","embeddable":true,"href":"https:\/\/www.feuerwehr-aumuehle.de\/wopre\/wp-json\/wp\/v2\/tags?post=1161"}],"curies":[{"name":"wp","href":"https:\/\/api.w.org\/{rel}","templated":true}]}}