{"id":1416,"date":"2015-04-02T20:00:13","date_gmt":"2015-04-02T18:00:13","guid":{"rendered":"http:\/\/vu2080.web2.premium-webspace.net\/wopre\/?p=1416"},"modified":"2015-05-19T00:21:01","modified_gmt":"2015-05-18T22:21:01","slug":"orkan-niklas","status":"publish","type":"post","link":"https:\/\/www.feuerwehr-aumuehle.de\/wopre\/orkan-niklas\/","title":{"rendered":"Orkan &#8222;Niklas&#8220;"},"content":{"rendered":"<p>Wer erinnert sich nicht an das Sturmtief Niklas, das die Feuerwehren in ganz Deutschland am 31.03.2015 in Atem hielt. Auch in Aum\u00fchle konnten einige B\u00e4ume nicht standhalten und so war die Feuerwehr Aum\u00fchle ab 16 Uhr mit einigen sturmbedingten Eins\u00e4tzen besch\u00e4ftigt.<\/p>\n<p>Der erste Baum war \u00fcber eine Einfahrt auf ein Hausdach in der Rehkoppel gefallen. Kaum war dieser Einsatz abgearbeitet, fuhren die drei im Einsatz befindlichen Aum\u00fchler Feuerwehrfahrzeuge weiter in die Kuhkoppel. Dort war eine Kiefer auf ein Hausdach gefallen und musste mithilfe der Drehleiter aus Reinbek zers\u00e4gt werden.<br \/>\nAb diesem Zeitpunkt mehrten sich die Anzahl der Eins\u00e4tze schlagartig und einige Eins\u00e4tze im Ortsgebiet wurden durch die Feuerwehr Wohltorf abgearbeitet. Das L\u00f6schgruppenfahrzeug, das bis dahin noch an der Wache stand, r\u00fcckte zu einem umgest\u00fcrzten Baum auf der L208 Richtung Kuddew\u00f6rde aus. Im Anschluss daran ging es dann gemeinsam in die B\u00fcrgerstra\u00dfe, wo ein Nadelbaum bereits bedrohliche Schieflage hatte und eine Notf\u00e4llung durchgef\u00fchrt werden musste. Die Fahrzeuge teilten sich wieder auf und das L\u00f6schgruppenfahrzeug fuhr in die alte Schulstra\u00dfe, wo eine Baumkrone von der Fahrbahn ger\u00e4umt werden musste.<br \/>\nBesonders hart traf es dann f\u00fcnf Kameraden, die mit der Drehleiter aus Wentorf bis 2:30 Uhr im Einsatz in der Kuhkoppel waren. Dort war eine Kiefer auf dem Gr\u00fcnstreifen, im unteren Stammbereich vertikal aufgesplittert und hatte sich in drei Buchen gelegt. Da die Kiefer nun instabil war, drohte sie auf ein Haus zu fallen und musste in m\u00fchevoller Kleinarbeit, aus dem Korb der Drehleiter zers\u00e4gt werden.<\/p>\n<p>Auch wenn dieser Abend lang und anstrengend war, ist das positive Fazit, dass niemand zu Schaden gekommen ist.<\/p>\n\n\t\t<style type=\"text\/css\">\n\t\t\t#gallery-1 {\n\t\t\t\tmargin: auto;\n\t\t\t}\n\t\t\t#gallery-1 .gallery-item {\n\t\t\t\tfloat: left;\n\t\t\t\tmargin-top: 10px;\n\t\t\t\ttext-align: center;\n\t\t\t\twidth: 25%;\n\t\t\t}\n\t\t\t#gallery-1 img {\n\t\t\t\tborder: 2px solid #cfcfcf;\n\t\t\t}\n\t\t\t#gallery-1 .gallery-caption {\n\t\t\t\tmargin-left: 0;\n\t\t\t}\n\t\t\t\/* see gallery_shortcode() in wp-includes\/media.php *\/\n\t\t<\/style>\n\t\t<div id='gallery-1' class='gallery galleryid-1416 gallery-columns-4 gallery-size-thumbnail'><dl class='gallery-item'>\n\t\t\t<dt class='gallery-icon landscape'>\n\t\t\t\t<a href='https:\/\/www.feuerwehr-aumuehle.de\/wopre\/wp-content\/uploads\/2015\/05\/2015-03-31-FFA-005.jpg' title=\"\" data-rl_title=\"\" class=\"rl-gallery-link\" data-rl_caption=\"\" data-rel=\"gallery-gallery-1\"><img loading=\"lazy\" decoding=\"async\" width=\"150\" height=\"150\" src=\"https:\/\/www.feuerwehr-aumuehle.de\/wopre\/wp-content\/uploads\/2015\/05\/2015-03-31-FFA-005-150x150.jpg\" class=\"attachment-thumbnail size-thumbnail\" alt=\"\" srcset=\"https:\/\/www.feuerwehr-aumuehle.de\/wopre\/wp-content\/uploads\/2015\/05\/2015-03-31-FFA-005-150x150.jpg 150w, https:\/\/www.feuerwehr-aumuehle.de\/wopre\/wp-content\/uploads\/2015\/05\/2015-03-31-FFA-005-180x180.jpg 180w, https:\/\/www.feuerwehr-aumuehle.de\/wopre\/wp-content\/uploads\/2015\/05\/2015-03-31-FFA-005-55x55.jpg 55w\" sizes=\"auto, (max-width: 150px) 100vw, 150px\" \/><\/a>\n\t\t\t<\/dt><\/dl><dl class='gallery-item'>\n\t\t\t<dt class='gallery-icon landscape'>\n\t\t\t\t<a href='https:\/\/www.feuerwehr-aumuehle.de\/wopre\/wp-content\/uploads\/2015\/05\/2015-03-31-FFA-006.jpg' title=\"\" data-rl_title=\"\" class=\"rl-gallery-link\" data-rl_caption=\"\" data-rel=\"gallery-gallery-1\"><img loading=\"lazy\" decoding=\"async\" width=\"150\" height=\"150\" src=\"https:\/\/www.feuerwehr-aumuehle.de\/wopre\/wp-content\/uploads\/2015\/05\/2015-03-31-FFA-006-150x150.jpg\" class=\"attachment-thumbnail size-thumbnail\" alt=\"\" srcset=\"https:\/\/www.feuerwehr-aumuehle.de\/wopre\/wp-content\/uploads\/2015\/05\/2015-03-31-FFA-006-150x150.jpg 150w, https:\/\/www.feuerwehr-aumuehle.de\/wopre\/wp-content\/uploads\/2015\/05\/2015-03-31-FFA-006-180x180.jpg 180w, https:\/\/www.feuerwehr-aumuehle.de\/wopre\/wp-content\/uploads\/2015\/05\/2015-03-31-FFA-006-55x55.jpg 55w\" sizes=\"auto, (max-width: 150px) 100vw, 150px\" \/><\/a>\n\t\t\t<\/dt><\/dl><dl class='gallery-item'>\n\t\t\t<dt class='gallery-icon landscape'>\n\t\t\t\t<a href='https:\/\/www.feuerwehr-aumuehle.de\/wopre\/wp-content\/uploads\/2015\/05\/2015-03-31-FFA-007.jpg' title=\"\" data-rl_title=\"\" class=\"rl-gallery-link\" data-rl_caption=\"\" data-rel=\"gallery-gallery-1\"><img loading=\"lazy\" decoding=\"async\" width=\"150\" height=\"150\" src=\"https:\/\/www.feuerwehr-aumuehle.de\/wopre\/wp-content\/uploads\/2015\/05\/2015-03-31-FFA-007-150x150.jpg\" class=\"attachment-thumbnail size-thumbnail\" alt=\"\" srcset=\"https:\/\/www.feuerwehr-aumuehle.de\/wopre\/wp-content\/uploads\/2015\/05\/2015-03-31-FFA-007-150x150.jpg 150w, https:\/\/www.feuerwehr-aumuehle.de\/wopre\/wp-content\/uploads\/2015\/05\/2015-03-31-FFA-007-180x180.jpg 180w, https:\/\/www.feuerwehr-aumuehle.de\/wopre\/wp-content\/uploads\/2015\/05\/2015-03-31-FFA-007-55x55.jpg 55w\" sizes=\"auto, (max-width: 150px) 100vw, 150px\" \/><\/a>\n\t\t\t<\/dt><\/dl><dl class='gallery-item'>\n\t\t\t<dt class='gallery-icon portrait'>\n\t\t\t\t<a href='https:\/\/www.feuerwehr-aumuehle.de\/wopre\/wp-content\/uploads\/2015\/05\/2015-03-31-FFA-008.jpg' title=\"\" data-rl_title=\"\" class=\"rl-gallery-link\" data-rl_caption=\"\" data-rel=\"gallery-gallery-1\"><img loading=\"lazy\" decoding=\"async\" width=\"150\" height=\"150\" src=\"https:\/\/www.feuerwehr-aumuehle.de\/wopre\/wp-content\/uploads\/2015\/05\/2015-03-31-FFA-008-150x150.jpg\" class=\"attachment-thumbnail size-thumbnail\" alt=\"\" srcset=\"https:\/\/www.feuerwehr-aumuehle.de\/wopre\/wp-content\/uploads\/2015\/05\/2015-03-31-FFA-008-150x150.jpg 150w, https:\/\/www.feuerwehr-aumuehle.de\/wopre\/wp-content\/uploads\/2015\/05\/2015-03-31-FFA-008-180x180.jpg 180w, https:\/\/www.feuerwehr-aumuehle.de\/wopre\/wp-content\/uploads\/2015\/05\/2015-03-31-FFA-008-55x55.jpg 55w\" sizes=\"auto, (max-width: 150px) 100vw, 150px\" \/><\/a>\n\t\t\t<\/dt><\/dl><br style=\"clear: both\" \/><dl class='gallery-item'>\n\t\t\t<dt class='gallery-icon portrait'>\n\t\t\t\t<a href='https:\/\/www.feuerwehr-aumuehle.de\/wopre\/wp-content\/uploads\/2015\/05\/2015-03-31-FFA-009.jpg' title=\"\" data-rl_title=\"\" class=\"rl-gallery-link\" data-rl_caption=\"\" data-rel=\"gallery-gallery-1\"><img loading=\"lazy\" decoding=\"async\" width=\"150\" height=\"150\" src=\"https:\/\/www.feuerwehr-aumuehle.de\/wopre\/wp-content\/uploads\/2015\/05\/2015-03-31-FFA-009-150x150.jpg\" class=\"attachment-thumbnail size-thumbnail\" alt=\"\" srcset=\"https:\/\/www.feuerwehr-aumuehle.de\/wopre\/wp-content\/uploads\/2015\/05\/2015-03-31-FFA-009-150x150.jpg 150w, https:\/\/www.feuerwehr-aumuehle.de\/wopre\/wp-content\/uploads\/2015\/05\/2015-03-31-FFA-009-180x180.jpg 180w, https:\/\/www.feuerwehr-aumuehle.de\/wopre\/wp-content\/uploads\/2015\/05\/2015-03-31-FFA-009-55x55.jpg 55w\" sizes=\"auto, (max-width: 150px) 100vw, 150px\" \/><\/a>\n\t\t\t<\/dt><\/dl><dl class='gallery-item'>\n\t\t\t<dt class='gallery-icon landscape'>\n\t\t\t\t<a href='https:\/\/www.feuerwehr-aumuehle.de\/wopre\/wp-content\/uploads\/2015\/05\/2015-03-31-FFA-010.jpg' title=\"\" data-rl_title=\"\" class=\"rl-gallery-link\" data-rl_caption=\"\" data-rel=\"gallery-gallery-1\"><img loading=\"lazy\" decoding=\"async\" width=\"150\" height=\"150\" src=\"https:\/\/www.feuerwehr-aumuehle.de\/wopre\/wp-content\/uploads\/2015\/05\/2015-03-31-FFA-010-150x150.jpg\" class=\"attachment-thumbnail size-thumbnail\" alt=\"\" srcset=\"https:\/\/www.feuerwehr-aumuehle.de\/wopre\/wp-content\/uploads\/2015\/05\/2015-03-31-FFA-010-150x150.jpg 150w, https:\/\/www.feuerwehr-aumuehle.de\/wopre\/wp-content\/uploads\/2015\/05\/2015-03-31-FFA-010-180x180.jpg 180w, https:\/\/www.feuerwehr-aumuehle.de\/wopre\/wp-content\/uploads\/2015\/05\/2015-03-31-FFA-010-55x55.jpg 55w\" sizes=\"auto, (max-width: 150px) 100vw, 150px\" \/><\/a>\n\t\t\t<\/dt><\/dl><dl class='gallery-item'>\n\t\t\t<dt class='gallery-icon landscape'>\n\t\t\t\t<a href='https:\/\/www.feuerwehr-aumuehle.de\/wopre\/wp-content\/uploads\/2015\/05\/2015-03-31-FFA-011.jpg' title=\"\" data-rl_title=\"\" class=\"rl-gallery-link\" data-rl_caption=\"\" data-rel=\"gallery-gallery-1\"><img loading=\"lazy\" decoding=\"async\" width=\"150\" height=\"150\" src=\"https:\/\/www.feuerwehr-aumuehle.de\/wopre\/wp-content\/uploads\/2015\/05\/2015-03-31-FFA-011-150x150.jpg\" class=\"attachment-thumbnail size-thumbnail\" alt=\"\" srcset=\"https:\/\/www.feuerwehr-aumuehle.de\/wopre\/wp-content\/uploads\/2015\/05\/2015-03-31-FFA-011-150x150.jpg 150w, https:\/\/www.feuerwehr-aumuehle.de\/wopre\/wp-content\/uploads\/2015\/05\/2015-03-31-FFA-011-180x180.jpg 180w, https:\/\/www.feuerwehr-aumuehle.de\/wopre\/wp-content\/uploads\/2015\/05\/2015-03-31-FFA-011-55x55.jpg 55w\" sizes=\"auto, (max-width: 150px) 100vw, 150px\" \/><\/a>\n\t\t\t<\/dt><\/dl><dl class='gallery-item'>\n\t\t\t<dt class='gallery-icon landscape'>\n\t\t\t\t<a href='https:\/\/www.feuerwehr-aumuehle.de\/wopre\/wp-content\/uploads\/2015\/05\/2015-03-31-FFA-012.jpg' title=\"\" data-rl_title=\"\" class=\"rl-gallery-link\" data-rl_caption=\"\" data-rel=\"gallery-gallery-1\"><img loading=\"lazy\" decoding=\"async\" width=\"150\" height=\"150\" src=\"https:\/\/www.feuerwehr-aumuehle.de\/wopre\/wp-content\/uploads\/2015\/05\/2015-03-31-FFA-012-150x150.jpg\" class=\"attachment-thumbnail size-thumbnail\" alt=\"\" srcset=\"https:\/\/www.feuerwehr-aumuehle.de\/wopre\/wp-content\/uploads\/2015\/05\/2015-03-31-FFA-012-150x150.jpg 150w, https:\/\/www.feuerwehr-aumuehle.de\/wopre\/wp-content\/uploads\/2015\/05\/2015-03-31-FFA-012-180x180.jpg 180w, https:\/\/www.feuerwehr-aumuehle.de\/wopre\/wp-content\/uploads\/2015\/05\/2015-03-31-FFA-012-55x55.jpg 55w\" sizes=\"auto, (max-width: 150px) 100vw, 150px\" \/><\/a>\n\t\t\t<\/dt><\/dl><br style=\"clear: both\" \/><dl class='gallery-item'>\n\t\t\t<dt class='gallery-icon landscape'>\n\t\t\t\t<a href='https:\/\/www.feuerwehr-aumuehle.de\/wopre\/wp-content\/uploads\/2015\/05\/2015-03-31-FFA-015.jpg' title=\"\" data-rl_title=\"\" class=\"rl-gallery-link\" data-rl_caption=\"\" data-rel=\"gallery-gallery-1\"><img loading=\"lazy\" decoding=\"async\" width=\"150\" height=\"150\" src=\"https:\/\/www.feuerwehr-aumuehle.de\/wopre\/wp-content\/uploads\/2015\/05\/2015-03-31-FFA-015-150x150.jpg\" class=\"attachment-thumbnail size-thumbnail\" alt=\"\" srcset=\"https:\/\/www.feuerwehr-aumuehle.de\/wopre\/wp-content\/uploads\/2015\/05\/2015-03-31-FFA-015-150x150.jpg 150w, https:\/\/www.feuerwehr-aumuehle.de\/wopre\/wp-content\/uploads\/2015\/05\/2015-03-31-FFA-015-180x180.jpg 180w, https:\/\/www.feuerwehr-aumuehle.de\/wopre\/wp-content\/uploads\/2015\/05\/2015-03-31-FFA-015-55x55.jpg 55w\" sizes=\"auto, (max-width: 150px) 100vw, 150px\" \/><\/a>\n\t\t\t<\/dt><\/dl><dl class='gallery-item'>\n\t\t\t<dt class='gallery-icon portrait'>\n\t\t\t\t<a href='https:\/\/www.feuerwehr-aumuehle.de\/wopre\/wp-content\/uploads\/2015\/05\/2015-03-31-FFA-014.jpg' title=\"\" data-rl_title=\"\" class=\"rl-gallery-link\" data-rl_caption=\"\" data-rel=\"gallery-gallery-1\"><img loading=\"lazy\" decoding=\"async\" width=\"150\" height=\"150\" src=\"https:\/\/www.feuerwehr-aumuehle.de\/wopre\/wp-content\/uploads\/2015\/05\/2015-03-31-FFA-014-150x150.jpg\" class=\"attachment-thumbnail size-thumbnail\" alt=\"\" srcset=\"https:\/\/www.feuerwehr-aumuehle.de\/wopre\/wp-content\/uploads\/2015\/05\/2015-03-31-FFA-014-150x150.jpg 150w, https:\/\/www.feuerwehr-aumuehle.de\/wopre\/wp-content\/uploads\/2015\/05\/2015-03-31-FFA-014-180x180.jpg 180w, https:\/\/www.feuerwehr-aumuehle.de\/wopre\/wp-content\/uploads\/2015\/05\/2015-03-31-FFA-014-55x55.jpg 55w\" sizes=\"auto, (max-width: 150px) 100vw, 150px\" \/><\/a>\n\t\t\t<\/dt><\/dl><dl class='gallery-item'>\n\t\t\t<dt class='gallery-icon portrait'>\n\t\t\t\t<a href='https:\/\/www.feuerwehr-aumuehle.de\/wopre\/wp-content\/uploads\/2015\/05\/2015-03-31-FFA-013.jpg' title=\"\" data-rl_title=\"\" class=\"rl-gallery-link\" data-rl_caption=\"\" data-rel=\"gallery-gallery-1\"><img loading=\"lazy\" decoding=\"async\" width=\"150\" height=\"150\" src=\"https:\/\/www.feuerwehr-aumuehle.de\/wopre\/wp-content\/uploads\/2015\/05\/2015-03-31-FFA-013-150x150.jpg\" class=\"attachment-thumbnail size-thumbnail\" alt=\"\" srcset=\"https:\/\/www.feuerwehr-aumuehle.de\/wopre\/wp-content\/uploads\/2015\/05\/2015-03-31-FFA-013-150x150.jpg 150w, https:\/\/www.feuerwehr-aumuehle.de\/wopre\/wp-content\/uploads\/2015\/05\/2015-03-31-FFA-013-180x180.jpg 180w, https:\/\/www.feuerwehr-aumuehle.de\/wopre\/wp-content\/uploads\/2015\/05\/2015-03-31-FFA-013-55x55.jpg 55w\" sizes=\"auto, (max-width: 150px) 100vw, 150px\" \/><\/a>\n\t\t\t<\/dt><\/dl><dl class='gallery-item'>\n\t\t\t<dt class='gallery-icon landscape'>\n\t\t\t\t<a href='https:\/\/www.feuerwehr-aumuehle.de\/wopre\/wp-content\/uploads\/2015\/05\/2015-03-31-FFA-004.jpg' title=\"\" data-rl_title=\"\" class=\"rl-gallery-link\" data-rl_caption=\"\" data-rel=\"gallery-gallery-1\"><img loading=\"lazy\" decoding=\"async\" width=\"150\" height=\"150\" src=\"https:\/\/www.feuerwehr-aumuehle.de\/wopre\/wp-content\/uploads\/2015\/05\/2015-03-31-FFA-004-150x150.jpg\" class=\"attachment-thumbnail size-thumbnail\" alt=\"\" srcset=\"https:\/\/www.feuerwehr-aumuehle.de\/wopre\/wp-content\/uploads\/2015\/05\/2015-03-31-FFA-004-150x150.jpg 150w, https:\/\/www.feuerwehr-aumuehle.de\/wopre\/wp-content\/uploads\/2015\/05\/2015-03-31-FFA-004-180x180.jpg 180w, https:\/\/www.feuerwehr-aumuehle.de\/wopre\/wp-content\/uploads\/2015\/05\/2015-03-31-FFA-004-55x55.jpg 55w\" sizes=\"auto, (max-width: 150px) 100vw, 150px\" \/><\/a>\n\t\t\t<\/dt><\/dl><br style=\"clear: both\" \/><dl class='gallery-item'>\n\t\t\t<dt class='gallery-icon landscape'>\n\t\t\t\t<a href='https:\/\/www.feuerwehr-aumuehle.de\/wopre\/wp-content\/uploads\/2015\/05\/2015-03-31-FFA-001.jpg' title=\"\" data-rl_title=\"\" class=\"rl-gallery-link\" data-rl_caption=\"\" data-rel=\"gallery-gallery-1\"><img loading=\"lazy\" decoding=\"async\" width=\"150\" height=\"150\" src=\"https:\/\/www.feuerwehr-aumuehle.de\/wopre\/wp-content\/uploads\/2015\/05\/2015-03-31-FFA-001-150x150.jpg\" class=\"attachment-thumbnail size-thumbnail\" alt=\"\" srcset=\"https:\/\/www.feuerwehr-aumuehle.de\/wopre\/wp-content\/uploads\/2015\/05\/2015-03-31-FFA-001-150x150.jpg 150w, https:\/\/www.feuerwehr-aumuehle.de\/wopre\/wp-content\/uploads\/2015\/05\/2015-03-31-FFA-001-180x180.jpg 180w, https:\/\/www.feuerwehr-aumuehle.de\/wopre\/wp-content\/uploads\/2015\/05\/2015-03-31-FFA-001-55x55.jpg 55w\" sizes=\"auto, (max-width: 150px) 100vw, 150px\" \/><\/a>\n\t\t\t<\/dt><\/dl><dl class='gallery-item'>\n\t\t\t<dt class='gallery-icon portrait'>\n\t\t\t\t<a href='https:\/\/www.feuerwehr-aumuehle.de\/wopre\/wp-content\/uploads\/2015\/05\/2015-03-31-FFA-002.jpg' title=\"\" data-rl_title=\"\" class=\"rl-gallery-link\" data-rl_caption=\"\" data-rel=\"gallery-gallery-1\"><img loading=\"lazy\" decoding=\"async\" width=\"150\" height=\"150\" src=\"https:\/\/www.feuerwehr-aumuehle.de\/wopre\/wp-content\/uploads\/2015\/05\/2015-03-31-FFA-002-150x150.jpg\" class=\"attachment-thumbnail size-thumbnail\" alt=\"\" srcset=\"https:\/\/www.feuerwehr-aumuehle.de\/wopre\/wp-content\/uploads\/2015\/05\/2015-03-31-FFA-002-150x150.jpg 150w, https:\/\/www.feuerwehr-aumuehle.de\/wopre\/wp-content\/uploads\/2015\/05\/2015-03-31-FFA-002-180x180.jpg 180w, https:\/\/www.feuerwehr-aumuehle.de\/wopre\/wp-content\/uploads\/2015\/05\/2015-03-31-FFA-002-55x55.jpg 55w\" sizes=\"auto, (max-width: 150px) 100vw, 150px\" \/><\/a>\n\t\t\t<\/dt><\/dl>\n\t\t\t<br style='clear: both' \/>\n\t\t<\/div>\n\n","protected":false},"excerpt":{"rendered":"<p>Wer erinnert sich nicht an das Sturmtief Niklas, das die Feuerwehren in ganz Deutschland am 31.03.2015 in Atem hielt. Auch in Aum\u00fchle konnten einige B\u00e4ume nicht standhalten und so war die Feuerwehr Aum\u00fchle ab 16 Uhr mit einigen sturmbedingten Eins\u00e4tzen besch\u00e4ftigt. Der erste Baum war \u00fcber eine Einfahrt auf ein Hausdach in der Rehkoppel gefallen. [&hellip;]<\/p>\n","protected":false},"author":2,"featured_media":1438,"comment_status":"closed","ping_status":"open","sticky":false,"template":"","format":"standard","meta":{"footnotes":""},"categories":[1,53],"tags":[],"class_list":["post-1416","post","type-post","status-publish","format-standard","has-post-thumbnail","hentry","category-aktuelles","category-bericht"],"_links":{"self":[{"href":"https:\/\/www.feuerwehr-aumuehle.de\/wopre\/wp-json\/wp\/v2\/posts\/1416","targetHints":{"allow":["GET"]}}],"collection":[{"href":"https:\/\/www.feuerwehr-aumuehle.de\/wopre\/wp-json\/wp\/v2\/posts"}],"about":[{"href":"https:\/\/www.feuerwehr-aumuehle.de\/wopre\/wp-json\/wp\/v2\/types\/post"}],"author":[{"embeddable":true,"href":"https:\/\/www.feuerwehr-aumuehle.de\/wopre\/wp-json\/wp\/v2\/users\/2"}],"replies":[{"embeddable":true,"href":"https:\/\/www.feuerwehr-aumuehle.de\/wopre\/wp-json\/wp\/v2\/comments?post=1416"}],"version-history":[{"count":6,"href":"https:\/\/www.feuerwehr-aumuehle.de\/wopre\/wp-json\/wp\/v2\/posts\/1416\/revisions"}],"predecessor-version":[{"id":1501,"href":"https:\/\/www.feuerwehr-aumuehle.de\/wopre\/wp-json\/wp\/v2\/posts\/1416\/revisions\/1501"}],"wp:featuredmedia":[{"embeddable":true,"href":"https:\/\/www.feuerwehr-aumuehle.de\/wopre\/wp-json\/wp\/v2\/media\/1438"}],"wp:attachment":[{"href":"https:\/\/www.feuerwehr-aumuehle.de\/wopre\/wp-json\/wp\/v2\/media?parent=1416"}],"wp:term":[{"taxonomy":"category","embeddable":true,"href":"https:\/\/www.feuerwehr-aumuehle.de\/wopre\/wp-json\/wp\/v2\/categories?post=1416"},{"taxonomy":"post_tag","embeddable":true,"href":"https:\/\/www.feuerwehr-aumuehle.de\/wopre\/wp-json\/wp\/v2\/tags?post=1416"}],"curies":[{"name":"wp","href":"https:\/\/api.w.org\/{rel}","templated":true}]}}