{"id":1545,"date":"2015-06-01T20:00:18","date_gmt":"2015-06-01T18:00:18","guid":{"rendered":"http:\/\/www.feuerwehr-aumuehle.de\/wopre\/?p=1545"},"modified":"2015-06-07T22:32:54","modified_gmt":"2015-06-07T20:32:54","slug":"feuerwehrbericht-mai-2015","status":"publish","type":"post","link":"https:\/\/www.feuerwehr-aumuehle.de\/wopre\/feuerwehrbericht-mai-2015\/","title":{"rendered":"Feuerwehrbericht Mai 2015"},"content":{"rendered":"<p>Der Mai zeigte sich den Kameraden der Freiwilligen Feuerwehr Aum\u00fchle von seiner ruhigen Seite. Lediglich zu zwei kleineren Eins\u00e4tzen wurde alarmiert. Am 02. Mai piepte ein Rauchmelder in einem Mehrfamilienhaus in der Pfingstholzallee. <!--more-->Da der Bewohner nicht zu Hause war, riefen die Nachbarn die Feuerwehr. Die anger\u00fcckten Einsatzkr\u00e4fte konnten den piependen Rauchmelder durch ein Fenster erkennen, sahen jedoch keine Notwendigkeit aktiv zu werden, da alle R\u00e4ume der Wohnung rauchfrei waren und auch kein Brandgeruch wahrzunehmen war. Die Einsatzstelle wurde an die Polizei \u00fcbergeben und die Fahrzeuge r\u00fcckten wieder ein. 14 Tage sp\u00e4ter heulte die Sirene um 1:53 Uhr. Ein Taxifahrer hatte bemerkt, dass die Eingangshalle des Bahnhofs verqualmt war. Da durch die Leitstelle zun\u00e4chst keine genauere Lage ausgemacht werden konnte, wurde mit dem Einsatzstichwort \u201eFeuer mittel\u201c alarmiert. Dies hat zur Folge, dass auch die Feuerwehr Wohltorf mit ausr\u00fcckte. Als das Aum\u00fchler Tankl\u00f6schfahrzeug (TLF) als erstes vor Ort eintraf, konnte schnell Entwarnung gegeben werden. Lediglich der M\u00fclleimer in der Halle hatte gebrannt und qualmte noch leicht vor sich hin. Die verbrannten M\u00fcllreste wurden mit der K\u00fcbelspritze abgel\u00f6scht, anschlie\u00dfend konnten alle wieder zur\u00fcck in ihre Betten.<\/p>\n<p>Abseits des Einsatzgeschehens war aber doch einiges los im Mai.<\/p>\n<p>Die Vorbereitungen f\u00fcr das Amtswehrfest, dass die Feuerwehren Aum\u00fchle und Wohltorf am 20.06.2015 gemeinsam ausrichten, laufen auf Hochtouren. Neben den organisatorischen Aufgaben, wie z.B. Strom und Wasser auf die Festwiese zu bekommen, wurde auch die Essensplanung abgeschlossen. Viele Kameraden aus beiden Feuerwehren bringen sich in diesem Gemeinschaftsprojekt mit Engagement ein. An dieser Stelle laden wir Sie herzlich ein, den Tag und Abend mit uns zu verbringen! Neben den feuerwehrtechnischen Wettk\u00e4mpfen wartet ein buntes Rahmenprogramm auf Sie. Am Abend feiern wir dann gemeinsam im Festzelt mit Live Musik und einem DJ auf der gro\u00dfen Feuerwehrparty. Weitere Informationen finden Sie auf den vielen Plakaten in den Orten oder auf unseren Internetseiten.<\/p>\n<p>Auch die Brandschutzerziehung war aktiv. Im Rahmen der Projektwoche der Grundschule Aum\u00fchle, waren insgesamt drei Klassen an drei Tagen im Feuerwehr Ger\u00e4tehaus. Neben dem richtigen Verhalten im Brandfall, \u00fcbten die Sch\u00fclerinnen und Sch\u00fcler auch das Absetzen eines Notrufes und durften mit dem Feuerl\u00f6schtrainer, die Bedienung eines Feuerl\u00f6schers ausprobieren.<\/p>\n<p>Ein weiteres gro\u00dfes Projekt, dass die Feuerwehr Aum\u00fchle besch\u00e4ftigt ist die Neuanschaffung des Hilfeleistungsl\u00f6schfahrzeuges (HLF), das im Winter in Dienst gestellt werden soll. Eine Delegation von f\u00fcnf Feuerwehrleuten, nebst Ordnungsamtsleiter, f\u00e4hrt Anfang Juni zu einer Baubesprechung beim Fahrzeugbauer in der N\u00e4he des Teutoburger Waldes. Dort wird der detaillierte Aufbau der F\u00e4cher und Ablagesysteme besprochen. Auch wenn es auf den ersten Blick nicht so scheint, ist jedes Feuerwehrgro\u00dffahrzeug ein Unikat und wird nach individuellen Vorgaben bzw. vorhandenen Ger\u00e4ten, der jeweiligen Feuerwehr angefertigt. Das hier im Vorwege eine Menge Planung erfolgen muss, damit hinterher alles in das Fahrzeug passt, l\u00e4sst sich erahnen.<\/p>\n<p>Abschlie\u00dfend laden wir Sie ein, sich auf unsere neuen Internetseite umzusehen, die Mitte Juni \u201eans Netz\u201c gehen wird. Hier erhalten Sie immer die aktuellsten Nachrichten, \u00fcber Eins\u00e4tze oder Aktionen Ihrer Freiwilligen Feuerwehr Aum\u00fchle.<\/p>\n<p>&nbsp;<\/p>\n<div id=\"attachment_1546\" class=\"wp-caption aligncenter\" style=\"width: 300px\"><a  href=\"http:\/\/www.feuerwehr-aumuehle.de\/wopre\/wp-content\/uploads\/2015\/06\/2015-06-01-awf-team.jpg\" data-rel=\"gallery-gallery-0\" data-rl_title=\"\" data-rl_caption=\"\" title=\"\"><img loading=\"lazy\" decoding=\"async\" class=\"wp-image-1546 size-medium\" src=\"http:\/\/www.feuerwehr-aumuehle.de\/wopre\/wp-content\/uploads\/2015\/06\/2015-06-01-awf-team-300x225.jpg\" alt=\"2015-06-01-awf-team\" width=\"300\" height=\"225\" srcset=\"https:\/\/www.feuerwehr-aumuehle.de\/wopre\/wp-content\/uploads\/2015\/06\/2015-06-01-awf-team-300x225.jpg 300w, https:\/\/www.feuerwehr-aumuehle.de\/wopre\/wp-content\/uploads\/2015\/06\/2015-06-01-awf-team.jpg 800w\" sizes=\"auto, (max-width: 300px) 100vw, 300px\" \/><\/a><p class=\"wp-caption-text\">Ein Gemeinschaftsprojekt der Freiwilligen Feuerwehren Wohltorf und Aum\u00fchle \u2013 das Amtswehrfest am 20.06.2015. Sie sind herzliche eingeladen!<\/p><\/div>\n","protected":false},"excerpt":{"rendered":"<p>Der Mai zeigte sich den Kameraden der Freiwilligen Feuerwehr Aum\u00fchle von seiner ruhigen Seite. Lediglich zu zwei kleineren Eins\u00e4tzen wurde alarmiert. Am 02. Mai piepte ein Rauchmelder in einem Mehrfamilienhaus in der Pfingstholzallee.<\/p>\n","protected":false},"author":2,"featured_media":303,"comment_status":"closed","ping_status":"open","sticky":false,"template":"","format":"standard","meta":{"footnotes":""},"categories":[1,53,51],"tags":[],"class_list":["post-1545","post","type-post","status-publish","format-standard","has-post-thumbnail","hentry","category-aktuelles","category-bericht","category-monatsbericht"],"_links":{"self":[{"href":"https:\/\/www.feuerwehr-aumuehle.de\/wopre\/wp-json\/wp\/v2\/posts\/1545","targetHints":{"allow":["GET"]}}],"collection":[{"href":"https:\/\/www.feuerwehr-aumuehle.de\/wopre\/wp-json\/wp\/v2\/posts"}],"about":[{"href":"https:\/\/www.feuerwehr-aumuehle.de\/wopre\/wp-json\/wp\/v2\/types\/post"}],"author":[{"embeddable":true,"href":"https:\/\/www.feuerwehr-aumuehle.de\/wopre\/wp-json\/wp\/v2\/users\/2"}],"replies":[{"embeddable":true,"href":"https:\/\/www.feuerwehr-aumuehle.de\/wopre\/wp-json\/wp\/v2\/comments?post=1545"}],"version-history":[{"count":2,"href":"https:\/\/www.feuerwehr-aumuehle.de\/wopre\/wp-json\/wp\/v2\/posts\/1545\/revisions"}],"predecessor-version":[{"id":1548,"href":"https:\/\/www.feuerwehr-aumuehle.de\/wopre\/wp-json\/wp\/v2\/posts\/1545\/revisions\/1548"}],"wp:featuredmedia":[{"embeddable":true,"href":"https:\/\/www.feuerwehr-aumuehle.de\/wopre\/wp-json\/wp\/v2\/media\/303"}],"wp:attachment":[{"href":"https:\/\/www.feuerwehr-aumuehle.de\/wopre\/wp-json\/wp\/v2\/media?parent=1545"}],"wp:term":[{"taxonomy":"category","embeddable":true,"href":"https:\/\/www.feuerwehr-aumuehle.de\/wopre\/wp-json\/wp\/v2\/categories?post=1545"},{"taxonomy":"post_tag","embeddable":true,"href":"https:\/\/www.feuerwehr-aumuehle.de\/wopre\/wp-json\/wp\/v2\/tags?post=1545"}],"curies":[{"name":"wp","href":"https:\/\/api.w.org\/{rel}","templated":true}]}}