{"id":1690,"date":"2015-07-15T10:30:54","date_gmt":"2015-07-15T08:30:54","guid":{"rendered":"http:\/\/www.feuerwehr-aumuehle.de\/wopre\/?p=1690"},"modified":"2015-07-29T11:44:35","modified_gmt":"2015-07-29T09:44:35","slug":"a-wie-atemschutzueberwachung","status":"publish","type":"post","link":"https:\/\/www.feuerwehr-aumuehle.de\/wopre\/a-wie-atemschutzueberwachung\/","title":{"rendered":"A wie Atemschutz\u00fcberwachung"},"content":{"rendered":"<p>In einigen Eins\u00e4tzen m\u00fcssen Feuerwehrleute in Bereiche vorgehen, in denen das Atmen nicht m\u00f6glich ist. Dies kann bei verqualmten R\u00e4umen aber auch in Sch\u00e4chten oder beim Austritt von Gasen der Fall sein.<\/p>\n<div id=\"attachment_1685\" class=\"wp-caption alignleft\" style=\"width: 150px\"><a  href=\"http:\/\/www.feuerwehr-aumuehle.de\/wopre\/wp-content\/uploads\/2015\/07\/asu_ffa_2.jpg\" data-rel=\"gallery-gallery-0\" data-rl_title=\"\" data-rl_caption=\"\" title=\"\"><img loading=\"lazy\" decoding=\"async\" class=\"wp-image-1685 size-thumbnail\" src=\"http:\/\/www.feuerwehr-aumuehle.de\/wopre\/wp-content\/uploads\/2015\/07\/asu_ffa_2-150x150.jpg\" alt=\"asu_ffa_2\" width=\"150\" height=\"150\" srcset=\"https:\/\/www.feuerwehr-aumuehle.de\/wopre\/wp-content\/uploads\/2015\/07\/asu_ffa_2-150x150.jpg 150w, https:\/\/www.feuerwehr-aumuehle.de\/wopre\/wp-content\/uploads\/2015\/07\/asu_ffa_2-180x180.jpg 180w, https:\/\/www.feuerwehr-aumuehle.de\/wopre\/wp-content\/uploads\/2015\/07\/asu_ffa_2-55x55.jpg 55w\" sizes=\"auto, (max-width: 150px) 100vw, 150px\" \/><\/a><p class=\"wp-caption-text\">An der Einsatzstelle sofort erkennbar, die Atemschutz\u00fcberwachung in schwarz-wei\u00df karierter Weste.<\/p><\/div>\n<p>Dazu legen die Feuerwehrleute ein Atemschutzger\u00e4t an, das aus einer mit Atemluft gef\u00fcllten Flasche auf dem R\u00fccken und einer Maske \u00fcber dem Gesicht besteht. Da die Atemluft in der Flasche nur eine begrenzte Zeit reicht, ist es lebenswichtig, dass die Menge der verbleibenden Luft in der Flasche w\u00e4hrend der gesamten Einsatzdauer \u00fcberwacht wird und auch f\u00fcr den R\u00fcckweg des Trupps aus dem Gefahrenbereich reicht.<\/p>\n<p>Dies geschieht mit Hilfe einer Atemschutz\u00fcberwachungstafel, die ein Feuerwehrmann au\u00dferhalb des Gefahrenbereiches verwaltet. Man erkennt ihn an der Einsatzstelle durch seine schwarz-wei\u00df karierte Weste.<\/p>\n<div id=\"attachment_1684\" class=\"wp-caption alignright\" style=\"width: 150px\"><a  href=\"http:\/\/www.feuerwehr-aumuehle.de\/wopre\/wp-content\/uploads\/2015\/07\/asu_ffa_1.jpg\" data-rel=\"gallery-gallery-0\" data-rl_title=\"\" data-rl_caption=\"\" title=\"\"><img loading=\"lazy\" decoding=\"async\" class=\"wp-image-1684 size-thumbnail\" src=\"http:\/\/www.feuerwehr-aumuehle.de\/wopre\/wp-content\/uploads\/2015\/07\/asu_ffa_1-150x150.jpg\" alt=\"asu_ffa_1\" width=\"150\" height=\"150\" srcset=\"https:\/\/www.feuerwehr-aumuehle.de\/wopre\/wp-content\/uploads\/2015\/07\/asu_ffa_1-150x150.jpg 150w, https:\/\/www.feuerwehr-aumuehle.de\/wopre\/wp-content\/uploads\/2015\/07\/asu_ffa_1-180x180.jpg 180w, https:\/\/www.feuerwehr-aumuehle.de\/wopre\/wp-content\/uploads\/2015\/07\/asu_ffa_1-55x55.jpg 55w\" sizes=\"auto, (max-width: 150px) 100vw, 150px\" \/><\/a><p class=\"wp-caption-text\">Die Atemschutz\u00fcberwachungs-tafel zur Dokumentation von bis zu drei Trupps.<\/p><\/div>\n<p>Er notiert vor, w\u00e4hrend und nach dem Einsatz alle wichtigen Informationen zu dem Trupp, der die Atemschutzger\u00e4te tr\u00e4gt. Dazu geh\u00f6rt die Einsatzdauer, die verbleibende Atemluft (Nachfrage alle 10 Minuten) sowie der Weg und das Ziel.<\/p>\n<p>Meldet sich ein Trupp auch nach mehrfachem Anfunken durch die Atemschutz\u00fcberwachung nicht, wird der Einsatzleiter informiert, der dann ggf. einen Rettungstrupp einsetzt um den vermissten Trupp zu suchen.<\/p>\n","protected":false},"excerpt":{"rendered":"<p>In einigen Eins\u00e4tzen m\u00fcssen Feuerwehrleute in Bereiche vorgehen, in denen das Atmen nicht m\u00f6glich ist. Dies kann bei verqualmten R\u00e4umen aber auch in Sch\u00e4chten oder beim Austritt von Gasen der Fall sein. Dazu legen die Feuerwehrleute ein Atemschutzger\u00e4t an, das aus einer mit Atemluft gef\u00fcllten Flasche auf dem R\u00fccken und einer Maske \u00fcber dem Gesicht [&hellip;]<\/p>\n","protected":false},"author":2,"featured_media":1691,"comment_status":"closed","ping_status":"open","sticky":false,"template":"","format":"standard","meta":{"footnotes":""},"categories":[153],"tags":[],"class_list":["post-1690","post","type-post","status-publish","format-standard","has-post-thumbnail","hentry","category-feuerwehr-abc"],"_links":{"self":[{"href":"https:\/\/www.feuerwehr-aumuehle.de\/wopre\/wp-json\/wp\/v2\/posts\/1690","targetHints":{"allow":["GET"]}}],"collection":[{"href":"https:\/\/www.feuerwehr-aumuehle.de\/wopre\/wp-json\/wp\/v2\/posts"}],"about":[{"href":"https:\/\/www.feuerwehr-aumuehle.de\/wopre\/wp-json\/wp\/v2\/types\/post"}],"author":[{"embeddable":true,"href":"https:\/\/www.feuerwehr-aumuehle.de\/wopre\/wp-json\/wp\/v2\/users\/2"}],"replies":[{"embeddable":true,"href":"https:\/\/www.feuerwehr-aumuehle.de\/wopre\/wp-json\/wp\/v2\/comments?post=1690"}],"version-history":[{"count":4,"href":"https:\/\/www.feuerwehr-aumuehle.de\/wopre\/wp-json\/wp\/v2\/posts\/1690\/revisions"}],"predecessor-version":[{"id":1695,"href":"https:\/\/www.feuerwehr-aumuehle.de\/wopre\/wp-json\/wp\/v2\/posts\/1690\/revisions\/1695"}],"wp:featuredmedia":[{"embeddable":true,"href":"https:\/\/www.feuerwehr-aumuehle.de\/wopre\/wp-json\/wp\/v2\/media\/1691"}],"wp:attachment":[{"href":"https:\/\/www.feuerwehr-aumuehle.de\/wopre\/wp-json\/wp\/v2\/media?parent=1690"}],"wp:term":[{"taxonomy":"category","embeddable":true,"href":"https:\/\/www.feuerwehr-aumuehle.de\/wopre\/wp-json\/wp\/v2\/categories?post=1690"},{"taxonomy":"post_tag","embeddable":true,"href":"https:\/\/www.feuerwehr-aumuehle.de\/wopre\/wp-json\/wp\/v2\/tags?post=1690"}],"curies":[{"name":"wp","href":"https:\/\/api.w.org\/{rel}","templated":true}]}}