{"id":1808,"date":"2015-11-01T19:00:55","date_gmt":"2015-11-01T18:00:55","guid":{"rendered":"http:\/\/www.feuerwehr-aumuehle.de\/wopre\/?p=1808"},"modified":"2015-11-01T19:02:03","modified_gmt":"2015-11-01T18:02:03","slug":"presse-freiwillige-feuerwehr-aumuehle-gruendet-foerderverein","status":"publish","type":"post","link":"https:\/\/www.feuerwehr-aumuehle.de\/wopre\/presse-freiwillige-feuerwehr-aumuehle-gruendet-foerderverein\/","title":{"rendered":"Presse: Freiwillige Feuerwehr Aum\u00fchle gr\u00fcndet F\u00f6rderverein"},"content":{"rendered":"<blockquote><p><strong>Hinweis zum Artikel:<\/strong><br \/>\nDie Jugendfeuerwehr und die Blaulicht Minis sind zusammen 17 Kinder und Jugendliche.<\/p>\n<hr \/>\n<p>&nbsp;<\/p><\/blockquote>\n<p><a  href=\"http:\/\/www.feuerwehr-aumuehle.de\/wopre\/wp-content\/uploads\/2015\/11\/2015-11-02-sawa_aktuell.png\" data-rel=\"gallery-gallery-0\" data-rl_title=\"\" data-rl_caption=\"\" title=\"\"><img loading=\"lazy\" decoding=\"async\" class=\"aligncenter wp-image-1806 size-full\" src=\"http:\/\/www.feuerwehr-aumuehle.de\/wopre\/wp-content\/uploads\/2015\/11\/2015-11-02-sawa_aktuell.png\" alt=\"2015-11-02-sawa_aktuell\" width=\"870\" height=\"990\" srcset=\"https:\/\/www.feuerwehr-aumuehle.de\/wopre\/wp-content\/uploads\/2015\/11\/2015-11-02-sawa_aktuell.png 870w, https:\/\/www.feuerwehr-aumuehle.de\/wopre\/wp-content\/uploads\/2015\/11\/2015-11-02-sawa_aktuell-264x300.png 264w, https:\/\/www.feuerwehr-aumuehle.de\/wopre\/wp-content\/uploads\/2015\/11\/2015-11-02-sawa_aktuell-844x960.png 844w\" sizes=\"auto, (max-width: 870px) 100vw, 870px\" \/><\/a><\/p>\n","protected":false},"excerpt":{"rendered":"<p>Hinweis zum Artikel: Die Jugendfeuerwehr und die Blaulicht Minis sind zusammen 17 Kinder und Jugendliche. &nbsp;<\/p>\n","protected":false},"author":2,"featured_media":1807,"comment_status":"closed","ping_status":"open","sticky":false,"template":"","format":"standard","meta":{"footnotes":""},"categories":[1,52],"tags":[],"class_list":["post-1808","post","type-post","status-publish","format-standard","has-post-thumbnail","hentry","category-aktuelles","category-presse"],"_links":{"self":[{"href":"https:\/\/www.feuerwehr-aumuehle.de\/wopre\/wp-json\/wp\/v2\/posts\/1808","targetHints":{"allow":["GET"]}}],"collection":[{"href":"https:\/\/www.feuerwehr-aumuehle.de\/wopre\/wp-json\/wp\/v2\/posts"}],"about":[{"href":"https:\/\/www.feuerwehr-aumuehle.de\/wopre\/wp-json\/wp\/v2\/types\/post"}],"author":[{"embeddable":true,"href":"https:\/\/www.feuerwehr-aumuehle.de\/wopre\/wp-json\/wp\/v2\/users\/2"}],"replies":[{"embeddable":true,"href":"https:\/\/www.feuerwehr-aumuehle.de\/wopre\/wp-json\/wp\/v2\/comments?post=1808"}],"version-history":[{"count":2,"href":"https:\/\/www.feuerwehr-aumuehle.de\/wopre\/wp-json\/wp\/v2\/posts\/1808\/revisions"}],"predecessor-version":[{"id":1810,"href":"https:\/\/www.feuerwehr-aumuehle.de\/wopre\/wp-json\/wp\/v2\/posts\/1808\/revisions\/1810"}],"wp:featuredmedia":[{"embeddable":true,"href":"https:\/\/www.feuerwehr-aumuehle.de\/wopre\/wp-json\/wp\/v2\/media\/1807"}],"wp:attachment":[{"href":"https:\/\/www.feuerwehr-aumuehle.de\/wopre\/wp-json\/wp\/v2\/media?parent=1808"}],"wp:term":[{"taxonomy":"category","embeddable":true,"href":"https:\/\/www.feuerwehr-aumuehle.de\/wopre\/wp-json\/wp\/v2\/categories?post=1808"},{"taxonomy":"post_tag","embeddable":true,"href":"https:\/\/www.feuerwehr-aumuehle.de\/wopre\/wp-json\/wp\/v2\/tags?post=1808"}],"curies":[{"name":"wp","href":"https:\/\/api.w.org\/{rel}","templated":true}]}}