{"id":1878,"date":"2015-12-01T22:29:31","date_gmt":"2015-12-01T21:29:31","guid":{"rendered":"http:\/\/www.feuerwehr-aumuehle.de\/wopre\/?p=1878"},"modified":"2015-12-11T20:06:26","modified_gmt":"2015-12-11T19:06:26","slug":"feuerwehrbericht-dezember-2015","status":"publish","type":"post","link":"https:\/\/www.feuerwehr-aumuehle.de\/wopre\/feuerwehrbericht-dezember-2015\/","title":{"rendered":"Feuerwehrbericht November 2015"},"content":{"rendered":"<p>Wir freuen uns \u00fcber unseren neuen Platz im Sachsenwalder und informieren Sie ab sofort hier monatlich \u00fcber alle Ereignisse rund um die Freiwillige Feuerwehr Aum\u00fchle.<\/p>\n<p>Als Auftakt ein kurzes Update zur Organisation und den derzeitigen Zahlen.<br \/>\nDie Feuerwehr Aum\u00fchle stellt sich aus den Blaulicht-Minis (6-9 Jahre), der Jugendfeuerwehr (10 \u2013 17 Jahre), den \u201eAktiven\u201c (18 \u2013 66 Jahre) und der Ehrenabteilung (ab 67 Jahre) zusammen.<br \/>\nAktuell sind bei den Blaulicht-Minis 11 und in der Jugendfeuerwehr 9 M\u00e4dchen und Jungen. Die Einsatzabteilung besteht aus 34 Feuerwehrfrauen und \u2013m\u00e4nnern. In der Ehrenabteilung sind 10 Kameraden. Eines haben alle gemeinsam, sie investieren freiwillig und unentgeltlich ihre Freizeit, in die Sicherheit der Aum\u00fchler B\u00fcrgerinnen und B\u00fcrger \u2013 und das sehr gerne.<\/p>\n<p>Der November verlief einsatztechnisch bisher ruhig. Neben der Begleitung des Laternenumzuges der Krippe Aum\u00fchle und des S. Martinsumzuges, des evangelischen Kindergartens mit anschlie\u00dfendem Wurst und Punschverkauf, wurde lediglich zu einer Tragehilfe im Sachsenwald alarmiert. Eine \u00e4ltere Dame zog sich, auf einem Waldweg beim Spaziergang, in der N\u00e4he des Lokschuppens eine Fu\u00dfverletzung zu und musste mithilfe einer Trage zum Rettungswagen gebracht werden.<\/p>\n<p>Am Samstag, den 14. November stand dann eine Gro\u00df\u00fcbung auf dem Dienstplan. Zusammen mit allen Feuerwehren aus dem Amt Hohe Elbgeest wurde eine gemeinsame Einsatz\u00fcbung in Hamwarde durchgef\u00fchrt. Ziel einer solchen \u00dcbung ist, die Zusammenarbeit der Feuerwehren zu trainieren, um f\u00fcr gro\u00dfe Schadenslagen vorbereitet zu sein.<br \/>\nDie Aufgabe der Aum\u00fchler Feuerwehr bestand darin, zusammen mit den Feuerwehren aus B\u00f6rnsen und Escheburg eine Wasserversorgung von einem Teich zur h\u00f6her gelegenen Einsatzstelle aufzubauen. Dort brannte eine Scheune, in der zwei Personen vermisst wurden. Mit drei Atemschutztrupps wurde die Scheune abgesucht, die Personen in Sicherheit gebracht und das simulierte Feuer gel\u00f6scht.<br \/>\nDie anschlie\u00dfende Einsatznachbesprechung wurde bei einem gemeinsamen Mittagessen durchgef\u00fchrt.<\/p>\n<p>Eine weitere \u00dcbung \u201eunter einsatzrealistischen Bedingungen\u201c, wie es so sch\u00f6n hei\u00dft, konnte ein letztes Mal in einem Abrisshaus in der Stra\u00dfe \u201eZur Waldwiese\u201c ausgerichtet werden. Diesmal konnten diverse Szenarien zur Schaffung einer Zugangs\u00f6ffnung ge\u00fcbt werden. Dabei kamen auch die etwas gr\u00f6beren Methoden, wie das Aufbrechen der Eingangst\u00fcr, der Zutritt \u00fcber das Dach, durch Abdecken der Dachziegel und das Zertr\u00fcmmern einer Zwischenwand im Inneren des Hauses, zum Einsatz. F\u00fcr die Feuerwehrleute ist es wichtig, auch diese Methoden in der Praxis einmal anwenden zu k\u00f6nnen, damit im Einsatzfall richtig und schnell vorgegangen werden kann.<\/p>\n<p>Die Fertigung unseres neuen Hilfeleistungsl\u00f6schfahrzeuges (HLF) beim Hersteller im Teutoburger Wald schreitet gut voran. Nachdem das Grundger\u00fcst des Aufbaues fertig ist, m\u00fcssen alle Ger\u00e4tef\u00e4cher mit entsprechenden Haltevorrichtungen f\u00fcr die diversen Einsatzmittel gefertigt werden.<br \/>\nDazu ist es notwendig, dass Teile unserer jetzigen Ausr\u00fcstung, die sp\u00e4ter auf dem HLF verlastet sein sollen, zum Hersteller gebracht und dort vor Ort in den Ger\u00e4tef\u00e4chern eingepasst werden. Hierzu fuhr ein Team aus drei Feuerwehrleuten mit den Ausr\u00fcstungsgegenst\u00e4nden f\u00fcr einen Tag zum Hersteller, um zu gew\u00e4hrleisten, dass die wichtigen Einsatzmittel am Abend wieder zur\u00fcck in Aum\u00fchle sind.<\/p>\n<p>Wir w\u00fcnschen Ihnen auf diesem Wege eine besinnliche Advents- und Weihnachtszeit, sowie einen guten Rutsch ins neue Jahr!<\/p>\n<p>\u2026und wenn Sie bis zum n\u00e4chsten Feuerwehrbericht nichts von uns h\u00f6ren m\u00f6chten, seien Sie Umgang mit Kerzen in Verbindung mit Adventskr\u00e4nzen und Weihnachtsb\u00e4umen, sowie beim Abfeuern von Raketen und anderen Feuerwerksk\u00f6rper immer besonnen und vorsichtig!<\/p>\n<p>Weitere aktuelle Informationen finden Sie auf unsere Webseite unter feuerwehr-aumuehle.de oder bei Facebook und Twitter.<\/p>\n<div id=\"attachment_1880\" class=\"wp-caption aligncenter\" style=\"width: 527px\"><a  href=\"http:\/\/www.feuerwehr-aumuehle.de\/wopre\/wp-content\/uploads\/2015\/12\/Feuerwehrbericht-Aumuehle-Dezember-2015-Sachsenwalder.jpg\" data-rel=\"gallery-gallery-0\" data-rl_title=\"\" data-rl_caption=\"\" title=\"\"><img loading=\"lazy\" decoding=\"async\" class=\"size-large wp-image-1880\" src=\"http:\/\/www.feuerwehr-aumuehle.de\/wopre\/wp-content\/uploads\/2015\/12\/Feuerwehrbericht-Aumuehle-Dezember-2015-Sachsenwalder-527x1024.jpg\" alt=\"Feuerwehrbericht Dezember 2015 - der Sachsenwalder - Erstausgabe: 01. Dezember 2015\" width=\"527\" height=\"1024\" srcset=\"https:\/\/www.feuerwehr-aumuehle.de\/wopre\/wp-content\/uploads\/2015\/12\/Feuerwehrbericht-Aumuehle-Dezember-2015-Sachsenwalder-527x1024.jpg 527w, https:\/\/www.feuerwehr-aumuehle.de\/wopre\/wp-content\/uploads\/2015\/12\/Feuerwehrbericht-Aumuehle-Dezember-2015-Sachsenwalder-154x300.jpg 154w, https:\/\/www.feuerwehr-aumuehle.de\/wopre\/wp-content\/uploads\/2015\/12\/Feuerwehrbericht-Aumuehle-Dezember-2015-Sachsenwalder-494x960.jpg 494w, https:\/\/www.feuerwehr-aumuehle.de\/wopre\/wp-content\/uploads\/2015\/12\/Feuerwehrbericht-Aumuehle-Dezember-2015-Sachsenwalder.jpg 833w\" sizes=\"auto, (max-width: 527px) 100vw, 527px\" \/><\/a><p class=\"wp-caption-text\">Feuerwehrbericht Dezember 2015 &#8211; der Sachsenwalder &#8211; Erstausgabe: 01. Dezember 2015<\/p><\/div>\n","protected":false},"excerpt":{"rendered":"<p>Wir freuen uns \u00fcber unseren neuen Platz im Sachsenwalder und informieren Sie ab sofort hier monatlich \u00fcber alle Ereignisse rund um die Freiwillige Feuerwehr Aum\u00fchle. Als Auftakt ein kurzes Update zur Organisation und den derzeitigen Zahlen. Die Feuerwehr Aum\u00fchle stellt sich aus den Blaulicht-Minis (6-9 Jahre), der Jugendfeuerwehr (10 \u2013 17 Jahre), den \u201eAktiven\u201c (18 [&hellip;]<\/p>\n","protected":false},"author":4,"featured_media":1879,"comment_status":"closed","ping_status":"open","sticky":false,"template":"","format":"standard","meta":{"footnotes":""},"categories":[1,52],"tags":[131],"class_list":["post-1878","post","type-post","status-publish","format-standard","has-post-thumbnail","hentry","category-aktuelles","category-presse","tag-presse"],"_links":{"self":[{"href":"https:\/\/www.feuerwehr-aumuehle.de\/wopre\/wp-json\/wp\/v2\/posts\/1878","targetHints":{"allow":["GET"]}}],"collection":[{"href":"https:\/\/www.feuerwehr-aumuehle.de\/wopre\/wp-json\/wp\/v2\/posts"}],"about":[{"href":"https:\/\/www.feuerwehr-aumuehle.de\/wopre\/wp-json\/wp\/v2\/types\/post"}],"author":[{"embeddable":true,"href":"https:\/\/www.feuerwehr-aumuehle.de\/wopre\/wp-json\/wp\/v2\/users\/4"}],"replies":[{"embeddable":true,"href":"https:\/\/www.feuerwehr-aumuehle.de\/wopre\/wp-json\/wp\/v2\/comments?post=1878"}],"version-history":[{"count":2,"href":"https:\/\/www.feuerwehr-aumuehle.de\/wopre\/wp-json\/wp\/v2\/posts\/1878\/revisions"}],"predecessor-version":[{"id":1894,"href":"https:\/\/www.feuerwehr-aumuehle.de\/wopre\/wp-json\/wp\/v2\/posts\/1878\/revisions\/1894"}],"wp:featuredmedia":[{"embeddable":true,"href":"https:\/\/www.feuerwehr-aumuehle.de\/wopre\/wp-json\/wp\/v2\/media\/1879"}],"wp:attachment":[{"href":"https:\/\/www.feuerwehr-aumuehle.de\/wopre\/wp-json\/wp\/v2\/media?parent=1878"}],"wp:term":[{"taxonomy":"category","embeddable":true,"href":"https:\/\/www.feuerwehr-aumuehle.de\/wopre\/wp-json\/wp\/v2\/categories?post=1878"},{"taxonomy":"post_tag","embeddable":true,"href":"https:\/\/www.feuerwehr-aumuehle.de\/wopre\/wp-json\/wp\/v2\/tags?post=1878"}],"curies":[{"name":"wp","href":"https:\/\/api.w.org\/{rel}","templated":true}]}}