{"id":3110,"date":"2017-06-23T21:42:46","date_gmt":"2017-06-23T19:42:46","guid":{"rendered":"https:\/\/www.feuerwehr-aumuehle.de\/wopre\/?p=3110"},"modified":"2017-06-23T21:56:26","modified_gmt":"2017-06-23T19:56:26","slug":"auszeichnung-zum-offiziellen-partner-der-feuerwehr","status":"publish","type":"post","link":"https:\/\/www.feuerwehr-aumuehle.de\/wopre\/auszeichnung-zum-offiziellen-partner-der-feuerwehr\/","title":{"rendered":"Auszeichnung zum offiziellen &#8222;Partner der Feuerwehr&#8220;"},"content":{"rendered":"<p>Im Rahmen des heutigen Rathausfestes in Aum\u00fchle wurde der Malermeisterbetrieb Carl Brandt &amp; Sohn mit der Auszeichnung \u201ePartner der Feuerwehr\u201c geehrt!<\/p>\n<p>Der stellvertretenden Kreiswehrf\u00fchrer Torsten M\u00f6ller laudierte im Beisein des Aum\u00fchler B\u00fcrgermeisters Dieter Giese, dem Gemeindewehrf\u00fchrer Karl-Arnim Samsz und mehr als hundert Besuchern des Rathausfestes \u00fcber die langj\u00e4hrige enge Verbundenheit und Unterst\u00fctzung der ortsans\u00e4ssigen Firma zur Freiwilligen Feuerwehr Aum\u00fchle.<\/p>\n<p>Anschlie\u00dfend \u00fcberreichte er dem Gesch\u00e4ftsf\u00fchrer und aktivem Feuerwehrmann Rodger Brandt die Urkunde und das F\u00f6rderschild, das er zuk\u00fcnftig offiziell an seinem Gesch\u00e4ftsgeb\u00e4ude anbringen darf. Auch dessen Vater und \u201eSeniorchef\u201c Uwe Brandt, der die Firma bis vor einigen Jahren f\u00fchrte, war anwesend. Bereits unter seiner Leitung unterst\u00fctzte das Unternehmen die Arbeit der Feuerwehr nicht nur finanziell, sondern stellte seine Mitarbeiter immer f\u00fcr Eins\u00e4tze frei.<\/p>\n<p>Mit dem F\u00f6rderschild sollen Arbeitgeber ausgezeichnet werden, die in ihrem Betrieb ehrenamtliche Feuerwehrangeh\u00f6rige besch\u00e4ftigen und diesen keine Schwierigkeiten (weder offen noch verdeckt) bei der Aus\u00fcbung der dienstlichen Pflichten bei der Feuerwehr bereiten. Das F\u00f6rderschild soll Zeichen des Dankes und der Anerkennung sein sowie \u00f6ffentliche Hervorhebung des Betriebes im Sinne der \u201eGoodwill-Werbung\u201c bei der Bev\u00f6lkerung.<\/p>\n\n\t\t<style type=\"text\/css\">\n\t\t\t#gallery-1 {\n\t\t\t\tmargin: auto;\n\t\t\t}\n\t\t\t#gallery-1 .gallery-item {\n\t\t\t\tfloat: left;\n\t\t\t\tmargin-top: 10px;\n\t\t\t\ttext-align: center;\n\t\t\t\twidth: 33%;\n\t\t\t}\n\t\t\t#gallery-1 img {\n\t\t\t\tborder: 2px solid #cfcfcf;\n\t\t\t}\n\t\t\t#gallery-1 .gallery-caption {\n\t\t\t\tmargin-left: 0;\n\t\t\t}\n\t\t\t\/* see gallery_shortcode() in wp-includes\/media.php *\/\n\t\t<\/style>\n\t\t<div id='gallery-1' class='gallery galleryid-3110 gallery-columns-3 gallery-size-thumbnail'><dl class='gallery-item'>\n\t\t\t<dt class='gallery-icon landscape'>\n\t\t\t\t<a href='https:\/\/www.feuerwehr-aumuehle.de\/wopre\/wp-content\/uploads\/2017\/06\/2017-06-23-pdf-cbus-001.jpg' title=\"\" data-rl_title=\"\" class=\"rl-gallery-link\" data-rl_caption=\"\" data-rel=\"gallery-gallery-1\"><img loading=\"lazy\" decoding=\"async\" width=\"150\" height=\"150\" src=\"https:\/\/www.feuerwehr-aumuehle.de\/wopre\/wp-content\/uploads\/2017\/06\/2017-06-23-pdf-cbus-001-150x150.jpg\" class=\"attachment-thumbnail size-thumbnail\" alt=\"\" aria-describedby=\"gallery-1-3115\" srcset=\"https:\/\/www.feuerwehr-aumuehle.de\/wopre\/wp-content\/uploads\/2017\/06\/2017-06-23-pdf-cbus-001-150x150.jpg 150w, https:\/\/www.feuerwehr-aumuehle.de\/wopre\/wp-content\/uploads\/2017\/06\/2017-06-23-pdf-cbus-001-180x180.jpg 180w, https:\/\/www.feuerwehr-aumuehle.de\/wopre\/wp-content\/uploads\/2017\/06\/2017-06-23-pdf-cbus-001-55x55.jpg 55w\" sizes=\"auto, (max-width: 150px) 100vw, 150px\" \/><\/a>\n\t\t\t<\/dt>\n\t\t\t\t<dd class='wp-caption-text gallery-caption' id='gallery-1-3115'>\n\t\t\t\tAuszeichnung im Rahmen des Aum\u00fchler Rathausfestes 2017\n\t\t\t\t<\/dd><\/dl><dl class='gallery-item'>\n\t\t\t<dt class='gallery-icon portrait'>\n\t\t\t\t<a href='https:\/\/www.feuerwehr-aumuehle.de\/wopre\/wp-content\/uploads\/2017\/06\/2017-06-23-pdf-cbus-002.jpg' title=\"\" data-rl_title=\"\" class=\"rl-gallery-link\" data-rl_caption=\"\" data-rel=\"gallery-gallery-1\"><img loading=\"lazy\" decoding=\"async\" width=\"150\" height=\"150\" src=\"https:\/\/www.feuerwehr-aumuehle.de\/wopre\/wp-content\/uploads\/2017\/06\/2017-06-23-pdf-cbus-002-150x150.jpg\" class=\"attachment-thumbnail size-thumbnail\" alt=\"\" aria-describedby=\"gallery-1-3116\" srcset=\"https:\/\/www.feuerwehr-aumuehle.de\/wopre\/wp-content\/uploads\/2017\/06\/2017-06-23-pdf-cbus-002-150x150.jpg 150w, https:\/\/www.feuerwehr-aumuehle.de\/wopre\/wp-content\/uploads\/2017\/06\/2017-06-23-pdf-cbus-002-180x180.jpg 180w, https:\/\/www.feuerwehr-aumuehle.de\/wopre\/wp-content\/uploads\/2017\/06\/2017-06-23-pdf-cbus-002-55x55.jpg 55w\" sizes=\"auto, (max-width: 150px) 100vw, 150px\" \/><\/a>\n\t\t\t<\/dt>\n\t\t\t\t<dd class='wp-caption-text gallery-caption' id='gallery-1-3116'>\n\t\t\t\tv.l. Gemeindewehrf\u00fchrer Karl-Arnim Samsz, Rodger Brandt, Stellvertretender Kreiswehrf\u00fchrer Torsten M\u00f6ller\n\t\t\t\t<\/dd><\/dl><dl class='gallery-item'>\n\t\t\t<dt class='gallery-icon landscape'>\n\t\t\t\t<a href='https:\/\/www.feuerwehr-aumuehle.de\/wopre\/wp-content\/uploads\/2017\/06\/2017-06-23-pdf-cbus-003.jpg' title=\"\" data-rl_title=\"\" class=\"rl-gallery-link\" data-rl_caption=\"\" data-rel=\"gallery-gallery-1\"><img loading=\"lazy\" decoding=\"async\" width=\"150\" height=\"150\" src=\"https:\/\/www.feuerwehr-aumuehle.de\/wopre\/wp-content\/uploads\/2017\/06\/2017-06-23-pdf-cbus-003-150x150.jpg\" class=\"attachment-thumbnail size-thumbnail\" alt=\"\" aria-describedby=\"gallery-1-3117\" srcset=\"https:\/\/www.feuerwehr-aumuehle.de\/wopre\/wp-content\/uploads\/2017\/06\/2017-06-23-pdf-cbus-003-150x150.jpg 150w, https:\/\/www.feuerwehr-aumuehle.de\/wopre\/wp-content\/uploads\/2017\/06\/2017-06-23-pdf-cbus-003-180x180.jpg 180w, https:\/\/www.feuerwehr-aumuehle.de\/wopre\/wp-content\/uploads\/2017\/06\/2017-06-23-pdf-cbus-003-55x55.jpg 55w\" sizes=\"auto, (max-width: 150px) 100vw, 150px\" \/><\/a>\n\t\t\t<\/dt>\n\t\t\t\t<dd class='wp-caption-text gallery-caption' id='gallery-1-3117'>\n\t\t\t\tUrkunde und F\u00f6rderschild &#8222;Partner der Feuerwehr&#8220;\n\t\t\t\t<\/dd><\/dl><br style=\"clear: both\" \/>\n\t\t<\/div>\n\n","protected":false},"excerpt":{"rendered":"<p>Im Rahmen des heutigen Rathausfestes in Aum\u00fchle wurde der Malermeisterbetrieb Carl Brandt &amp; Sohn mit der Auszeichnung \u201ePartner der Feuerwehr\u201c geehrt! Der stellvertretenden Kreiswehrf\u00fchrer Torsten M\u00f6ller laudierte im Beisein des Aum\u00fchler B\u00fcrgermeisters Dieter Giese, dem Gemeindewehrf\u00fchrer Karl-Arnim Samsz und mehr als hundert Besuchern des Rathausfestes \u00fcber die langj\u00e4hrige enge Verbundenheit und Unterst\u00fctzung der ortsans\u00e4ssigen Firma [&hellip;]<\/p>\n","protected":false},"author":2,"featured_media":3111,"comment_status":"closed","ping_status":"open","sticky":false,"template":"","format":"standard","meta":{"footnotes":""},"categories":[1,53],"tags":[],"class_list":["post-3110","post","type-post","status-publish","format-standard","has-post-thumbnail","hentry","category-aktuelles","category-bericht"],"_links":{"self":[{"href":"https:\/\/www.feuerwehr-aumuehle.de\/wopre\/wp-json\/wp\/v2\/posts\/3110","targetHints":{"allow":["GET"]}}],"collection":[{"href":"https:\/\/www.feuerwehr-aumuehle.de\/wopre\/wp-json\/wp\/v2\/posts"}],"about":[{"href":"https:\/\/www.feuerwehr-aumuehle.de\/wopre\/wp-json\/wp\/v2\/types\/post"}],"author":[{"embeddable":true,"href":"https:\/\/www.feuerwehr-aumuehle.de\/wopre\/wp-json\/wp\/v2\/users\/2"}],"replies":[{"embeddable":true,"href":"https:\/\/www.feuerwehr-aumuehle.de\/wopre\/wp-json\/wp\/v2\/comments?post=3110"}],"version-history":[{"count":3,"href":"https:\/\/www.feuerwehr-aumuehle.de\/wopre\/wp-json\/wp\/v2\/posts\/3110\/revisions"}],"predecessor-version":[{"id":3119,"href":"https:\/\/www.feuerwehr-aumuehle.de\/wopre\/wp-json\/wp\/v2\/posts\/3110\/revisions\/3119"}],"wp:featuredmedia":[{"embeddable":true,"href":"https:\/\/www.feuerwehr-aumuehle.de\/wopre\/wp-json\/wp\/v2\/media\/3111"}],"wp:attachment":[{"href":"https:\/\/www.feuerwehr-aumuehle.de\/wopre\/wp-json\/wp\/v2\/media?parent=3110"}],"wp:term":[{"taxonomy":"category","embeddable":true,"href":"https:\/\/www.feuerwehr-aumuehle.de\/wopre\/wp-json\/wp\/v2\/categories?post=3110"},{"taxonomy":"post_tag","embeddable":true,"href":"https:\/\/www.feuerwehr-aumuehle.de\/wopre\/wp-json\/wp\/v2\/tags?post=3110"}],"curies":[{"name":"wp","href":"https:\/\/api.w.org\/{rel}","templated":true}]}}