{"id":3937,"date":"2019-03-16T23:30:58","date_gmt":"2019-03-16T22:30:58","guid":{"rendered":"https:\/\/www.feuerwehr-aumuehle.de\/wopre\/?p=3937"},"modified":"2019-03-17T13:04:00","modified_gmt":"2019-03-17T12:04:00","slug":"generationswechsel-in-der-fuehrung-der-freiwilligen-feuerwehr-aumuehle","status":"publish","type":"post","link":"https:\/\/www.feuerwehr-aumuehle.de\/wopre\/generationswechsel-in-der-fuehrung-der-freiwilligen-feuerwehr-aumuehle\/","title":{"rendered":"Generationswechsel in der F\u00fchrung der Freiwilligen Feuerwehr Aum\u00fchle"},"content":{"rendered":"\n<p>Auf der diesj\u00e4hrigen Jahreshauptversammlung der Freiwilligen\nFeuerwehr Aum\u00fchle am 15.03.2019 standen gleich vier Vorstandsposten nach Ablauf\nder 6-j\u00e4hrigen Amtszeit zur Neuwahl, darunter Wehrf\u00fchrer, stellv. Wehrf\u00fchrer,\nZugf\u00fchrer und ein Gruppenf\u00fchrer.<\/p>\n\n\n\n<p>Bereits im Vorjahr hatten Wehrf\u00fchrer Karl-Arnim Samsz und\nsein Stellvertreter Wolfgang Kr\u00fcger angek\u00fcndigt, dass sie altersbedingt nicht\nnoch einmal zur Wahl st\u00fcnden. Daraufhin hat sich die Wehr fr\u00fchzeitig Gedanken\ngemacht, wie die Feuerwehrf\u00fchrung ab 2019 aussehen k\u00f6nnte und einen offenen\nDialog gestartet.<\/p>\n\n\n\n<div class=\"wp-block-image\"><figure class=\"alignright is-resized\"><a  href=\"https:\/\/www.feuerwehr-aumuehle.de\/wopre\/wp-content\/uploads\/2019\/03\/20190315-P1020066-2.jpg\" data-rel=\"gallery-gallery-0\" data-rl_title=\"\" data-rl_caption=\"\" title=\"\"><img loading=\"lazy\" decoding=\"async\" src=\"https:\/\/www.feuerwehr-aumuehle.de\/wopre\/wp-content\/uploads\/2019\/03\/20190315-P1020066-2-1024x373.jpg\" alt=\"\" class=\"wp-image-3934\" width=\"256\" height=\"93\" srcset=\"https:\/\/www.feuerwehr-aumuehle.de\/wopre\/wp-content\/uploads\/2019\/03\/20190315-P1020066-2-1024x373.jpg 1024w, https:\/\/www.feuerwehr-aumuehle.de\/wopre\/wp-content\/uploads\/2019\/03\/20190315-P1020066-2-300x109.jpg 300w, https:\/\/www.feuerwehr-aumuehle.de\/wopre\/wp-content\/uploads\/2019\/03\/20190315-P1020066-2-768x280.jpg 768w, https:\/\/www.feuerwehr-aumuehle.de\/wopre\/wp-content\/uploads\/2019\/03\/20190315-P1020066-2-960x350.jpg 960w, https:\/\/www.feuerwehr-aumuehle.de\/wopre\/wp-content\/uploads\/2019\/03\/20190315-P1020066-2-1280x467.jpg 1280w, https:\/\/www.feuerwehr-aumuehle.de\/wopre\/wp-content\/uploads\/2019\/03\/20190315-P1020066-2.jpg 2030w\" sizes=\"auto, (max-width: 256px) 100vw, 256px\" \/><\/a><figcaption> \nDie neugew\u00e4hlten Vorstandsmitglieder (vlnr.): Gruppenf\u00fchrer Ralf Magner, Wehrf\u00fchrer Andreas Kr\u00fcger, Zugf\u00fchrer Joachim Miro, stellv. Wehrf\u00fchrer Wolfgang Kr\u00fcger<\/figcaption><\/figure><\/div>\n\n\n\n<p>Als Ergebnis lie\u00df sich Andreas Kr\u00fcger zur Wahl zum\nWehrf\u00fchrer aufstellen und wurde mit gro\u00dfer Mehrheit von der Mannschaft ins Amt gew\u00e4hlt.\nAus Mangel eines geeigneten Kandidaten und unter der Absicht nur 3 Jahre im Amt\nzu bleiben, lie\u00df sich Wolfgang Kr\u00fcger erneut zum stellvertretenden Wehrf\u00fchrer\nw\u00e4hlen. Zum Zugf\u00fchrer wurde Joachim Miro gew\u00e4hlt. Ralf Magner wurde im Amt des\nGruppenf\u00fchrers best\u00e4tigt.<\/p>\n\n\n\n<p>Karl-Arnim Samsz blickt auf eine 12-j\u00e4hrige Amtszeit als\nWehrf\u00fchrer zur\u00fcck, in der er die Feuerwehr durch gro\u00dfe Ver\u00e4nderungen f\u00fchrte.\nZwei Fahrzeuge wurden neu beschafft, das Fahrzeugkonzept durch das Hilfeleistungsl\u00f6schgruppenfahrzeug\n(HLF) optimiert und das Ger\u00e4tehaus umgebaut. Er f\u00fchrt die Amtsgesch\u00e4fte noch\nbis zur offiziellen Ernennung von Andreas Kr\u00fcger durch die Gemeindevertretung fort.<\/p>\n\n\n\n<div class=\"wp-block-image\"><figure class=\"alignleft\"><a  href=\"https:\/\/www.feuerwehr-aumuehle.de\/wopre\/wp-content\/uploads\/2019\/03\/2019-03-ffa-jhv-wf-alt-neu_1024.jpg\" data-rel=\"gallery-gallery-0\" data-rl_title=\"\" data-rl_caption=\"\" title=\"\"><img loading=\"lazy\" decoding=\"async\" width=\"150\" height=\"150\" src=\"https:\/\/www.feuerwehr-aumuehle.de\/wopre\/wp-content\/uploads\/2019\/03\/2019-03-ffa-jhv-wf-alt-neu_1024-150x150.jpg\" alt=\"\" class=\"wp-image-3939\" srcset=\"https:\/\/www.feuerwehr-aumuehle.de\/wopre\/wp-content\/uploads\/2019\/03\/2019-03-ffa-jhv-wf-alt-neu_1024-150x150.jpg 150w, https:\/\/www.feuerwehr-aumuehle.de\/wopre\/wp-content\/uploads\/2019\/03\/2019-03-ffa-jhv-wf-alt-neu_1024-75x75.jpg 75w, https:\/\/www.feuerwehr-aumuehle.de\/wopre\/wp-content\/uploads\/2019\/03\/2019-03-ffa-jhv-wf-alt-neu_1024-180x180.jpg 180w, https:\/\/www.feuerwehr-aumuehle.de\/wopre\/wp-content\/uploads\/2019\/03\/2019-03-ffa-jhv-wf-alt-neu_1024-55x55.jpg 55w\" sizes=\"auto, (max-width: 150px) 100vw, 150px\" \/><\/a><figcaption>Wehrf\u00fchrer Karl-Arnim Samsz \u00fcbergibt die F\u00fchrung an seinen Nachfolger Andreas Kr\u00fcger<\/figcaption><\/figure><\/div>\n\n\n\n<p>Andreas Kr\u00fcger bedankte sich f\u00fcr das Vertrauen, dass die\nMannschaft durch die Wahl in ihn gelegt hat und freut sich auf die neue\nHerausforderung an der Spitze der Feuerwehr. Zusammen mit seinem Team im\nVorstand m\u00fcssen in den kommenden Jahren viele grundlegende Themen bearbeitet\nwerden. Dazu geh\u00f6ren die r\u00fcckl\u00e4ufigen Mitgliederzahlen der Einsatzkr\u00e4fte,\nbesonders tags\u00fcber. Aber auch die \u00dcberplanung des Grundst\u00fcckes Bergstra\u00dfe 9 in\nBezug auf die sehr beengten und nicht l\u00e4nger tragbaren Platzverh\u00e4ltnisse im\nFeuerwehrger\u00e4tehaus. Auch steht mittelfristig die Ersatzbeschaffung eines\nL\u00f6schgruppenfahrzeuges (LF) an.<\/p>\n\n\n\n<div class=\"wp-block-image\"><figure class=\"alignright\"><a  href=\"https:\/\/www.feuerwehr-aumuehle.de\/wopre\/wp-content\/uploads\/2019\/03\/20190315-P1020045.jpg\" data-rel=\"gallery-gallery-0\" data-rl_title=\"\" data-rl_caption=\"\" title=\"\"><img loading=\"lazy\" decoding=\"async\" width=\"300\" height=\"169\" src=\"https:\/\/www.feuerwehr-aumuehle.de\/wopre\/wp-content\/uploads\/2019\/03\/20190315-P1020045-300x169.jpg\" alt=\"\" class=\"wp-image-3940\" srcset=\"https:\/\/www.feuerwehr-aumuehle.de\/wopre\/wp-content\/uploads\/2019\/03\/20190315-P1020045-300x169.jpg 300w, https:\/\/www.feuerwehr-aumuehle.de\/wopre\/wp-content\/uploads\/2019\/03\/20190315-P1020045-768x432.jpg 768w, https:\/\/www.feuerwehr-aumuehle.de\/wopre\/wp-content\/uploads\/2019\/03\/20190315-P1020045-1024x576.jpg 1024w, https:\/\/www.feuerwehr-aumuehle.de\/wopre\/wp-content\/uploads\/2019\/03\/20190315-P1020045.jpg 1280w\" sizes=\"auto, (max-width: 300px) 100vw, 300px\" \/><\/a><figcaption>Gerhard Stein erhielt eine Wandplakette f\u00fcr 50 Jahre Dienstzeit<\/figcaption><\/figure><\/div>\n\n\n\n<p>Als G\u00e4ste sprachen B\u00fcrgermeister Knut Suhk und\nAmtswehrf\u00fchrer Ralf Kreutner ein kurzes Gru\u00dfwort. Unter dem Tagesordnungspunkt\n\u201eEhrungen &amp; Bef\u00f6rderungen\u201c wurden Stefan L\u00fctzen f\u00fcr 30 Jahre und Dietmar\nMund und Wolfgang Kr\u00fcger f\u00fcr 50 Jahre Feuerwehrzugeh\u00f6rigkeit geehrt. Gerhard\nStein erhielt eine Wandplakette f\u00fcr 50 Jahre Dienstzeit. Florian Kocherscheidt\nwurde zum Oberl\u00f6schmeister und Angela Kather zur Oberfeuerwehrfrau bef\u00f6rdert.<\/p>\n\n\n\n<p>F\u00fcr das leibliche Wohl sorgte Ehrenwehrf\u00fchrer Erhard\nBartels, der im Anschluss an die Versammlung zu einer \u201ekalten Platte\u201c einlud.<\/p>\n","protected":false},"excerpt":{"rendered":"<p>Auf der diesj\u00e4hrigen Jahreshauptversammlung der Freiwilligen Feuerwehr Aum\u00fchle am 15.03.2019 standen gleich vier Vorstandsposten nach Ablauf der 6-j\u00e4hrigen Amtszeit zur Neuwahl, darunter Wehrf\u00fchrer, stellv. Wehrf\u00fchrer, Zugf\u00fchrer und ein Gruppenf\u00fchrer. Bereits im Vorjahr hatten Wehrf\u00fchrer Karl-Arnim Samsz und sein Stellvertreter Wolfgang Kr\u00fcger angek\u00fcndigt, dass sie altersbedingt nicht noch einmal zur Wahl st\u00fcnden. Daraufhin hat sich die [&hellip;]<\/p>\n","protected":false},"author":2,"featured_media":3938,"comment_status":"closed","ping_status":"open","sticky":false,"template":"","format":"standard","meta":{"footnotes":""},"categories":[1],"tags":[],"class_list":["post-3937","post","type-post","status-publish","format-standard","has-post-thumbnail","hentry","category-aktuelles"],"_links":{"self":[{"href":"https:\/\/www.feuerwehr-aumuehle.de\/wopre\/wp-json\/wp\/v2\/posts\/3937","targetHints":{"allow":["GET"]}}],"collection":[{"href":"https:\/\/www.feuerwehr-aumuehle.de\/wopre\/wp-json\/wp\/v2\/posts"}],"about":[{"href":"https:\/\/www.feuerwehr-aumuehle.de\/wopre\/wp-json\/wp\/v2\/types\/post"}],"author":[{"embeddable":true,"href":"https:\/\/www.feuerwehr-aumuehle.de\/wopre\/wp-json\/wp\/v2\/users\/2"}],"replies":[{"embeddable":true,"href":"https:\/\/www.feuerwehr-aumuehle.de\/wopre\/wp-json\/wp\/v2\/comments?post=3937"}],"version-history":[{"count":3,"href":"https:\/\/www.feuerwehr-aumuehle.de\/wopre\/wp-json\/wp\/v2\/posts\/3937\/revisions"}],"predecessor-version":[{"id":3943,"href":"https:\/\/www.feuerwehr-aumuehle.de\/wopre\/wp-json\/wp\/v2\/posts\/3937\/revisions\/3943"}],"wp:featuredmedia":[{"embeddable":true,"href":"https:\/\/www.feuerwehr-aumuehle.de\/wopre\/wp-json\/wp\/v2\/media\/3938"}],"wp:attachment":[{"href":"https:\/\/www.feuerwehr-aumuehle.de\/wopre\/wp-json\/wp\/v2\/media?parent=3937"}],"wp:term":[{"taxonomy":"category","embeddable":true,"href":"https:\/\/www.feuerwehr-aumuehle.de\/wopre\/wp-json\/wp\/v2\/categories?post=3937"},{"taxonomy":"post_tag","embeddable":true,"href":"https:\/\/www.feuerwehr-aumuehle.de\/wopre\/wp-json\/wp\/v2\/tags?post=3937"}],"curies":[{"name":"wp","href":"https:\/\/api.w.org\/{rel}","templated":true}]}}