{"id":4319,"date":"2020-02-01T18:00:00","date_gmt":"2020-02-01T17:00:00","guid":{"rendered":"https:\/\/www.feuerwehr-aumuehle.de\/wopre\/?p=4319"},"modified":"2020-02-19T18:07:20","modified_gmt":"2020-02-19T17:07:20","slug":"feuerwehrbericht-januar-2020","status":"publish","type":"post","link":"https:\/\/www.feuerwehr-aumuehle.de\/wopre\/feuerwehrbericht-januar-2020\/","title":{"rendered":"Feuerwehrbericht Januar 2020"},"content":{"rendered":"\n<div class=\"wp-block-image\"><figure class=\"alignright size-thumbnail\"><a  href=\"https:\/\/www.feuerwehr-aumuehle.de\/wopre\/wp-content\/uploads\/2020\/02\/2020-02-sawa-fb-1500.jpg\" data-rel=\"gallery-gallery-0\" data-rl_title=\"\" data-rl_caption=\"\" title=\"\"><img loading=\"lazy\" decoding=\"async\" width=\"150\" height=\"150\" src=\"https:\/\/www.feuerwehr-aumuehle.de\/wopre\/wp-content\/uploads\/2020\/02\/2020-02-sawa-fb-1500-150x150.jpg\" alt=\"\" class=\"wp-image-4320\" srcset=\"https:\/\/www.feuerwehr-aumuehle.de\/wopre\/wp-content\/uploads\/2020\/02\/2020-02-sawa-fb-1500-150x150.jpg 150w, https:\/\/www.feuerwehr-aumuehle.de\/wopre\/wp-content\/uploads\/2020\/02\/2020-02-sawa-fb-1500-300x300.jpg 300w, https:\/\/www.feuerwehr-aumuehle.de\/wopre\/wp-content\/uploads\/2020\/02\/2020-02-sawa-fb-1500-1024x1024.jpg 1024w, https:\/\/www.feuerwehr-aumuehle.de\/wopre\/wp-content\/uploads\/2020\/02\/2020-02-sawa-fb-1500-768x768.jpg 768w, https:\/\/www.feuerwehr-aumuehle.de\/wopre\/wp-content\/uploads\/2020\/02\/2020-02-sawa-fb-1500-75x75.jpg 75w, https:\/\/www.feuerwehr-aumuehle.de\/wopre\/wp-content\/uploads\/2020\/02\/2020-02-sawa-fb-1500-960x960.jpg 960w, https:\/\/www.feuerwehr-aumuehle.de\/wopre\/wp-content\/uploads\/2020\/02\/2020-02-sawa-fb-1500-180x180.jpg 180w, https:\/\/www.feuerwehr-aumuehle.de\/wopre\/wp-content\/uploads\/2020\/02\/2020-02-sawa-fb-1500-55x55.jpg 55w, https:\/\/www.feuerwehr-aumuehle.de\/wopre\/wp-content\/uploads\/2020\/02\/2020-02-sawa-fb-1500.jpg 1500w\" sizes=\"auto, (max-width: 150px) 100vw, 150px\" \/><\/a><\/figure><\/div>\n\n\n\n<p>Ein einsatzreiches Jahr liegt hinter den Frauen und M\u00e4nnern\nder Freiwilligen Feuerwehr Aum\u00fchle. Auch wenn es zum Jahreswechsel keine\nAlarmierung gab, wurde die Feuerwehr im Jahr 2019, wie auch schon im Jahr 2018,\nbei insgesamt 61 Eins\u00e4tzen t\u00e4tig. Davon leistete sie 32 Mal Technische Hilfe\nund 16 Mal wurde ein Feuer gemeldet. Die \u00fcbrige Zahl der Eins\u00e4tze setzt sich\naus Tragehilfen, Brandsicherheitswachen und sonstigen Eins\u00e4tzen zusammen.\nDar\u00fcber hinaus wurde an 51 Dienstabenden Ausbildung betrieben. F\u00fcr die k\u00f6rperliche\nFitness sorgten die zus\u00e4tzlichen Sportdienste, immer donnerstags in der kleinen\nHalle Aum\u00fchle.<\/p>\n\n\n\n<p>Die dunklen Monate des Jahres werden \u00fcberwiegend f\u00fcr\nAusbildungsthemen genutzt, die im Inneren des Feuerwehrger\u00e4tehauses geschult\nwerden k\u00f6nnen. So wird neben der verpflichtenden j\u00e4hrlichen\nSicherheitsunterweisung auch Knotenkunde und Erste-Hilfe unterrichtet. Unsere\nneuen Feuerwehranw\u00e4rter biegen derzeit auf die Ziellinie ihrer Grundausbildung\nein, um noch im 1. Quartal 2020 ihre Ausbildung abzuschlie\u00dfen und zu\nFeuerwehrfrauen und -m\u00e4nnern bef\u00f6rdert zu werden.<\/p>\n\n\n\n<div class=\"wp-block-image\"><figure class=\"alignleft size-thumbnail\"><a  href=\"https:\/\/www.feuerwehr-aumuehle.de\/wopre\/wp-content\/uploads\/2020\/02\/2020-02-foto-gstein_1280.jpg\" data-rel=\"gallery-gallery-0\" data-rl_title=\"\" data-rl_caption=\"\" title=\"\"><img loading=\"lazy\" decoding=\"async\" width=\"150\" height=\"150\" src=\"https:\/\/www.feuerwehr-aumuehle.de\/wopre\/wp-content\/uploads\/2020\/02\/2020-02-foto-gstein_1280-150x150.jpg\" alt=\"\" class=\"wp-image-4322\" srcset=\"https:\/\/www.feuerwehr-aumuehle.de\/wopre\/wp-content\/uploads\/2020\/02\/2020-02-foto-gstein_1280-150x150.jpg 150w, https:\/\/www.feuerwehr-aumuehle.de\/wopre\/wp-content\/uploads\/2020\/02\/2020-02-foto-gstein_1280-75x75.jpg 75w, https:\/\/www.feuerwehr-aumuehle.de\/wopre\/wp-content\/uploads\/2020\/02\/2020-02-foto-gstein_1280-180x180.jpg 180w, https:\/\/www.feuerwehr-aumuehle.de\/wopre\/wp-content\/uploads\/2020\/02\/2020-02-foto-gstein_1280-55x55.jpg 55w\" sizes=\"auto, (max-width: 150px) 100vw, 150px\" \/><\/a><figcaption>Gerhard Stein r\u00e4umt nach \u00fcber 50 Jahren Einsatzdienst seinen Haken und wechselt in die Ehrenabteilung. <\/figcaption><\/figure><\/div>\n\n\n\n<p>Der Jahresanfang brachte gleich einen gro\u00dfen Abschied mit\nsich. Gerhard Stein ist zum 01.01.2020 nach \u00fcber 50 Jahren (!) im aktiven\nEinsatzdienst der Freiwilligen Feuerwehr Aum\u00fchle in die Ehrenabteilung\n\u00fcbergetreten. Als Dank und Anerkennung f\u00fcr seinen langen und treuen Einsatz\nwurde er am 07.01.2020 zusammen mit seiner Ehefrau Elsa, zur \u201eletzten\nEinsatzfahrt\u201c von allen Kameraden mit Feuerwehrfahrzeugen von zu Hause\nabgeholt. Am Ger\u00e4tehaus angekommen, r\u00e4umte er seinen Haken frei und wurde\nanschlie\u00dfend bei einem leckeren Abendessen geb\u00fchrend gew\u00fcrdigt.<\/p>\n","protected":false},"excerpt":{"rendered":"<p>Ein einsatzreiches Jahr liegt hinter den Frauen und M\u00e4nnern der Freiwilligen Feuerwehr Aum\u00fchle. Auch wenn es zum Jahreswechsel keine Alarmierung gab, wurde die Feuerwehr im Jahr 2019, wie auch schon im Jahr 2018, bei insgesamt 61 Eins\u00e4tzen t\u00e4tig. Davon leistete sie 32 Mal Technische Hilfe und 16 Mal wurde ein Feuer gemeldet. Die \u00fcbrige Zahl [&hellip;]<\/p>\n","protected":false},"author":2,"featured_media":4321,"comment_status":"closed","ping_status":"open","sticky":false,"template":"","format":"standard","meta":{"footnotes":""},"categories":[51,52],"tags":[],"class_list":["post-4319","post","type-post","status-publish","format-standard","has-post-thumbnail","hentry","category-monatsbericht","category-presse"],"_links":{"self":[{"href":"https:\/\/www.feuerwehr-aumuehle.de\/wopre\/wp-json\/wp\/v2\/posts\/4319","targetHints":{"allow":["GET"]}}],"collection":[{"href":"https:\/\/www.feuerwehr-aumuehle.de\/wopre\/wp-json\/wp\/v2\/posts"}],"about":[{"href":"https:\/\/www.feuerwehr-aumuehle.de\/wopre\/wp-json\/wp\/v2\/types\/post"}],"author":[{"embeddable":true,"href":"https:\/\/www.feuerwehr-aumuehle.de\/wopre\/wp-json\/wp\/v2\/users\/2"}],"replies":[{"embeddable":true,"href":"https:\/\/www.feuerwehr-aumuehle.de\/wopre\/wp-json\/wp\/v2\/comments?post=4319"}],"version-history":[{"count":1,"href":"https:\/\/www.feuerwehr-aumuehle.de\/wopre\/wp-json\/wp\/v2\/posts\/4319\/revisions"}],"predecessor-version":[{"id":4323,"href":"https:\/\/www.feuerwehr-aumuehle.de\/wopre\/wp-json\/wp\/v2\/posts\/4319\/revisions\/4323"}],"wp:featuredmedia":[{"embeddable":true,"href":"https:\/\/www.feuerwehr-aumuehle.de\/wopre\/wp-json\/wp\/v2\/media\/4321"}],"wp:attachment":[{"href":"https:\/\/www.feuerwehr-aumuehle.de\/wopre\/wp-json\/wp\/v2\/media?parent=4319"}],"wp:term":[{"taxonomy":"category","embeddable":true,"href":"https:\/\/www.feuerwehr-aumuehle.de\/wopre\/wp-json\/wp\/v2\/categories?post=4319"},{"taxonomy":"post_tag","embeddable":true,"href":"https:\/\/www.feuerwehr-aumuehle.de\/wopre\/wp-json\/wp\/v2\/tags?post=4319"}],"curies":[{"name":"wp","href":"https:\/\/api.w.org\/{rel}","templated":true}]}}