{"id":4325,"date":"2020-03-01T12:00:00","date_gmt":"2020-03-01T11:00:00","guid":{"rendered":"https:\/\/www.feuerwehr-aumuehle.de\/wopre\/?p=4325"},"modified":"2020-03-06T12:20:14","modified_gmt":"2020-03-06T11:20:14","slug":"feuerwehrbericht-februar-2020","status":"publish","type":"post","link":"https:\/\/www.feuerwehr-aumuehle.de\/wopre\/feuerwehrbericht-februar-2020\/","title":{"rendered":"Feuerwehrbericht Februar 2020"},"content":{"rendered":"\n<p>Ein einsatzreicher Monat liegt hinter den ehrenamtlichen\nRettern der Freiwilligen Feuerwehr Aum\u00fchle. Seit Ende Januar kam es zu 11\nAlarmierungen, an denen nicht nur Sturmtief Sabine Schuld hatte. Dennoch lag\nder Schwerpunkt auf der technischen Hilfeleistung (TH). Von einer \u00d6lspur, \u00fcber\neinen Wasserrohrbruch, einer hilflosen Person in einer verschlossenen Wohnung,\nbis hin zu diversen umgest\u00fcrzten B\u00e4umen, waren die Einsatzgr\u00fcnde sehr\nvielf\u00e4ltig. Auch zwei FEUER Meldungen in Senioreneinrichtungen waren mit dabei.\nAlle Eins\u00e4tze konnten von den beteiligten Feuerwehren professionell und z\u00fcgig\nabgearbeitet werden. Mehr Details zu den Eins\u00e4tzen finden Sie auf unserer\nInternetseite unter www.feuerwehr-aumuehle.de.<\/p>\n\n\n\n<div class=\"wp-block-image\"><figure class=\"alignleft size-thumbnail\"><a  href=\"https:\/\/www.feuerwehr-aumuehle.de\/wopre\/wp-content\/uploads\/2020\/03\/2020_02_bm_wahl.jpg\" data-rel=\"gallery-gallery-0\" data-rl_title=\"\" data-rl_caption=\"\" title=\"\"><img loading=\"lazy\" decoding=\"async\" width=\"150\" height=\"150\" src=\"https:\/\/www.feuerwehr-aumuehle.de\/wopre\/wp-content\/uploads\/2020\/03\/2020_02_bm_wahl-150x150.jpg\" alt=\"\" class=\"wp-image-4328\" srcset=\"https:\/\/www.feuerwehr-aumuehle.de\/wopre\/wp-content\/uploads\/2020\/03\/2020_02_bm_wahl-150x150.jpg 150w, https:\/\/www.feuerwehr-aumuehle.de\/wopre\/wp-content\/uploads\/2020\/03\/2020_02_bm_wahl-75x75.jpg 75w, https:\/\/www.feuerwehr-aumuehle.de\/wopre\/wp-content\/uploads\/2020\/03\/2020_02_bm_wahl-180x180.jpg 180w, https:\/\/www.feuerwehr-aumuehle.de\/wopre\/wp-content\/uploads\/2020\/03\/2020_02_bm_wahl-55x55.jpg 55w\" sizes=\"auto, (max-width: 150px) 100vw, 150px\" \/><\/a><\/figure><\/div>\n\n\n\n<p>Anfang Februar hatten die Blaulichtminis und Jugendfeuerwehr\nihre Jahreshauptversammlung im Feuerwehr Ger\u00e4tehaus. Wie bei den \u201eGro\u00dfen\u201c\nwerden hier unter anderem Wahlen f\u00fcr verschiedene Aufgabentr\u00e4ger abgehalten.\nF\u00fcr die Blaulichtminis stand die Wahl eines Vertrauenskindes und dessen\nStellvertretern auf der Tagesordnung. Wir gratulieren Tom Schreiber und seinen Stellvertretern\nNeele Magner und Rafael Kr\u00fcger zum Wahlerfolg und w\u00fcnschen alles Gute f\u00fcr die\nneuen Aufgaben.<\/p>\n\n\n\n<div class=\"wp-block-image\"><figure class=\"alignright size-thumbnail\"><a  href=\"https:\/\/www.feuerwehr-aumuehle.de\/wopre\/wp-content\/uploads\/2020\/03\/2020_02_jf_wahl.jpg\" data-rel=\"gallery-gallery-0\" data-rl_title=\"\" data-rl_caption=\"\" title=\"\"><img loading=\"lazy\" decoding=\"async\" width=\"150\" height=\"150\" src=\"https:\/\/www.feuerwehr-aumuehle.de\/wopre\/wp-content\/uploads\/2020\/03\/2020_02_jf_wahl-150x150.jpg\" alt=\"\" class=\"wp-image-4329\" srcset=\"https:\/\/www.feuerwehr-aumuehle.de\/wopre\/wp-content\/uploads\/2020\/03\/2020_02_jf_wahl-150x150.jpg 150w, https:\/\/www.feuerwehr-aumuehle.de\/wopre\/wp-content\/uploads\/2020\/03\/2020_02_jf_wahl-75x75.jpg 75w, https:\/\/www.feuerwehr-aumuehle.de\/wopre\/wp-content\/uploads\/2020\/03\/2020_02_jf_wahl-180x180.jpg 180w, https:\/\/www.feuerwehr-aumuehle.de\/wopre\/wp-content\/uploads\/2020\/03\/2020_02_jf_wahl-55x55.jpg 55w\" sizes=\"auto, (max-width: 150px) 100vw, 150px\" \/><\/a><\/figure><\/div>\n\n\n\n<p>Bei der Jugendfeuerwehr konnte sich Moritz M\u00fcller als\nGruppenf\u00fchrer best\u00e4tigen. Sein neuer Stellvertreter wurde Jonte Joost.\nSchriftwart Ansgar Weilandt wurde ebenfalls wiedergew\u00e4hlt. Seine\nStellvertreterin ist jetzt Mia Zangenmeister. Herzlichen Gl\u00fcckwunsch und viel\nErfolg f\u00fcr die teils neuen verantwortungsvollen Funktionen.<\/p>\n\n\n\n<p>Im Rahmen der Jahreshauptversammlung wurden an 6 Jugendliche\nauch das Deutsche Sportabzeichen, sowie zwei Feuerwehr-Fitnessabzeichen\n\u00fcberreicht.<\/p>\n\n\n\n<hr class=\"wp-block-separator\"\/>\n\n\n\n<figure class=\"wp-block-image size-thumbnail\"><a  href=\"https:\/\/www.feuerwehr-aumuehle.de\/wopre\/wp-content\/uploads\/2020\/03\/2020-03-sawa-fb-1500_rght.jpg\" data-rel=\"gallery-gallery-0\" data-rl_title=\"\" data-rl_caption=\"\" title=\"\"><img loading=\"lazy\" decoding=\"async\" width=\"150\" height=\"150\" src=\"https:\/\/www.feuerwehr-aumuehle.de\/wopre\/wp-content\/uploads\/2020\/03\/2020-03-sawa-fb-1500_rght-150x150.jpg\" alt=\"\" class=\"wp-image-4331\" srcset=\"https:\/\/www.feuerwehr-aumuehle.de\/wopre\/wp-content\/uploads\/2020\/03\/2020-03-sawa-fb-1500_rght-150x150.jpg 150w, https:\/\/www.feuerwehr-aumuehle.de\/wopre\/wp-content\/uploads\/2020\/03\/2020-03-sawa-fb-1500_rght-300x300.jpg 300w, https:\/\/www.feuerwehr-aumuehle.de\/wopre\/wp-content\/uploads\/2020\/03\/2020-03-sawa-fb-1500_rght-1024x1024.jpg 1024w, https:\/\/www.feuerwehr-aumuehle.de\/wopre\/wp-content\/uploads\/2020\/03\/2020-03-sawa-fb-1500_rght-768x768.jpg 768w, https:\/\/www.feuerwehr-aumuehle.de\/wopre\/wp-content\/uploads\/2020\/03\/2020-03-sawa-fb-1500_rght-75x75.jpg 75w, https:\/\/www.feuerwehr-aumuehle.de\/wopre\/wp-content\/uploads\/2020\/03\/2020-03-sawa-fb-1500_rght-960x960.jpg 960w, https:\/\/www.feuerwehr-aumuehle.de\/wopre\/wp-content\/uploads\/2020\/03\/2020-03-sawa-fb-1500_rght-180x180.jpg 180w, https:\/\/www.feuerwehr-aumuehle.de\/wopre\/wp-content\/uploads\/2020\/03\/2020-03-sawa-fb-1500_rght-55x55.jpg 55w, https:\/\/www.feuerwehr-aumuehle.de\/wopre\/wp-content\/uploads\/2020\/03\/2020-03-sawa-fb-1500_rght.jpg 1500w\" sizes=\"auto, (max-width: 150px) 100vw, 150px\" \/><\/a><\/figure>\n","protected":false},"excerpt":{"rendered":"<p>Ein einsatzreicher Monat liegt hinter den ehrenamtlichen Rettern der Freiwilligen Feuerwehr Aum\u00fchle. Seit Ende Januar kam es zu 11 Alarmierungen, an denen nicht nur Sturmtief Sabine Schuld hatte. Dennoch lag der Schwerpunkt auf der technischen Hilfeleistung (TH). Von einer \u00d6lspur, \u00fcber einen Wasserrohrbruch, einer hilflosen Person in einer verschlossenen Wohnung, bis hin zu diversen umgest\u00fcrzten [&hellip;]<\/p>\n","protected":false},"author":2,"featured_media":4327,"comment_status":"closed","ping_status":"open","sticky":false,"template":"","format":"standard","meta":{"footnotes":""},"categories":[1,53,51,52],"tags":[],"class_list":["post-4325","post","type-post","status-publish","format-standard","has-post-thumbnail","hentry","category-aktuelles","category-bericht","category-monatsbericht","category-presse"],"_links":{"self":[{"href":"https:\/\/www.feuerwehr-aumuehle.de\/wopre\/wp-json\/wp\/v2\/posts\/4325","targetHints":{"allow":["GET"]}}],"collection":[{"href":"https:\/\/www.feuerwehr-aumuehle.de\/wopre\/wp-json\/wp\/v2\/posts"}],"about":[{"href":"https:\/\/www.feuerwehr-aumuehle.de\/wopre\/wp-json\/wp\/v2\/types\/post"}],"author":[{"embeddable":true,"href":"https:\/\/www.feuerwehr-aumuehle.de\/wopre\/wp-json\/wp\/v2\/users\/2"}],"replies":[{"embeddable":true,"href":"https:\/\/www.feuerwehr-aumuehle.de\/wopre\/wp-json\/wp\/v2\/comments?post=4325"}],"version-history":[{"count":3,"href":"https:\/\/www.feuerwehr-aumuehle.de\/wopre\/wp-json\/wp\/v2\/posts\/4325\/revisions"}],"predecessor-version":[{"id":4333,"href":"https:\/\/www.feuerwehr-aumuehle.de\/wopre\/wp-json\/wp\/v2\/posts\/4325\/revisions\/4333"}],"wp:featuredmedia":[{"embeddable":true,"href":"https:\/\/www.feuerwehr-aumuehle.de\/wopre\/wp-json\/wp\/v2\/media\/4327"}],"wp:attachment":[{"href":"https:\/\/www.feuerwehr-aumuehle.de\/wopre\/wp-json\/wp\/v2\/media?parent=4325"}],"wp:term":[{"taxonomy":"category","embeddable":true,"href":"https:\/\/www.feuerwehr-aumuehle.de\/wopre\/wp-json\/wp\/v2\/categories?post=4325"},{"taxonomy":"post_tag","embeddable":true,"href":"https:\/\/www.feuerwehr-aumuehle.de\/wopre\/wp-json\/wp\/v2\/tags?post=4325"}],"curies":[{"name":"wp","href":"https:\/\/api.w.org\/{rel}","templated":true}]}}