{"id":4353,"date":"2020-04-01T19:18:09","date_gmt":"2020-04-01T17:18:09","guid":{"rendered":"https:\/\/www.feuerwehr-aumuehle.de\/wopre\/?p=4353"},"modified":"2020-04-01T19:18:10","modified_gmt":"2020-04-01T17:18:10","slug":"feuerwehrbericht-maerz-2020","status":"publish","type":"post","link":"https:\/\/www.feuerwehr-aumuehle.de\/wopre\/feuerwehrbericht-maerz-2020\/","title":{"rendered":"Feuerwehrbericht M\u00e4rz 2020"},"content":{"rendered":"\n<p>Am 06.03.2020 fand unsere Jahreshauptversammlung im Feuerwehrger\u00e4tehaus statt. Neben dem stellvertretenden B\u00fcrgermeister Alexander Bargon, waren auch Vertreter der Amtswehrf\u00fchrung sowie der Ehren- und Jugendabteilung der Einladung von Wehrf\u00fchrer Andreas Kr\u00fcger gefolgt.<\/p>\n\n\n\n<p>Gleich zu Anfang der Sitzung konnten sieben (!) neue Feuerwehrfrauen und -M\u00e4nner in den Feuerwehreinsatzdienst aufgenommen werden. Diese hohe Zahl an neuen Mitgliedern spiegelt den Erfolg der intensiven \u00d6ffentlichkeitsarbeit der FF Aum\u00fchle in den letzten Jahren wider. Im weiteren Verlauf der Sitzung wurden vier der Sieben nach erfolgreichem Abschluss ihrer Truppmannausbildung zum Feuerwehrmann bef\u00f6rdert. Zwei Weiteren fehlt nur noch die erforderliche Ausbildungsstundenanzahl, um die Bef\u00f6rderung zu erhalten. Ein neuer Feuerwehrmann bringt seinen Ausbildungsstand von seinem Job als Berufsfeuerwehrmann in Hamburg mit.<\/p>\n\n\n\n<figure class=\"wp-block-image size-large\"><a  href=\"https:\/\/www.feuerwehr-aumuehle.de\/wopre\/wp-content\/uploads\/2020\/04\/2020-03-fwb_2.jpg\" data-rel=\"gallery-gallery-0\" data-rl_title=\"\" data-rl_caption=\"\" title=\"\"><img loading=\"lazy\" decoding=\"async\" width=\"1024\" height=\"383\" src=\"https:\/\/www.feuerwehr-aumuehle.de\/wopre\/wp-content\/uploads\/2020\/04\/2020-03-fwb_2-1024x383.jpg\" alt=\"\" class=\"wp-image-4350\" srcset=\"https:\/\/www.feuerwehr-aumuehle.de\/wopre\/wp-content\/uploads\/2020\/04\/2020-03-fwb_2-1024x383.jpg 1024w, https:\/\/www.feuerwehr-aumuehle.de\/wopre\/wp-content\/uploads\/2020\/04\/2020-03-fwb_2-300x112.jpg 300w, https:\/\/www.feuerwehr-aumuehle.de\/wopre\/wp-content\/uploads\/2020\/04\/2020-03-fwb_2-768x287.jpg 768w, https:\/\/www.feuerwehr-aumuehle.de\/wopre\/wp-content\/uploads\/2020\/04\/2020-03-fwb_2-1280x479.jpg 1280w, https:\/\/www.feuerwehr-aumuehle.de\/wopre\/wp-content\/uploads\/2020\/04\/2020-03-fwb_2.jpg 1366w\" sizes=\"auto, (max-width: 1024px) 100vw, 1024px\" \/><\/a><figcaption>Ehsan Mohammadi, Thomas M\u00fcller, Leander Liedtke und Andreas Tietz wurden nach erfolgreichem Abschluss der Truppmannausbildung zum Feuerwehrmann bef\u00f6rdert.<\/figcaption><\/figure>\n\n\n\n<p>Im Jahr 2019 musste die Feuerwehr Aum\u00fchle zu 60 Eins\u00e4tzen ausr\u00fccken, von denen alle Einsatzkr\u00e4fte gesund und unverletzt zur\u00fcckgekehrt sind. Im Rahmen der 51 Dienstabende 2019 standen 102 Stunden Aus- und Fortbildung auf dem Dienstplan. Ge\u00fcbt wurden dabei u.a. ein Kellerbrand und die Befreiung einer eingeklemmten Person aus einem verunfallten PKW. Die Kameraden der FF Wentorf kamen an einem Dienstabend mit ihrer Drehleiter vorbei, um eine Einweisung auf die Bedienung und Einsatzm\u00f6glichkeiten zu geben. Moritz M\u00fcller gab als Jugendgruppenleiter Einblick in die Aktivit\u00e4ten der Jugendfeuerwehr und Carolin Rohling erg\u00e4nzte mit einem Jahresr\u00fcckblick der Blaulichtminis.<\/p>\n\n\n\n<p>Zur Wahl standen an dem Abend zwei Funktionen, die bereits seit mehreren Jahrzehnten fest in den H\u00e4nden zweier Kameraden waren. Als Ger\u00e4tewart wurde J\u00f6rg Baumgard nach 42 Jahren (!) erneut im Amt best\u00e4tigt. Wolfgang Kr\u00fcger \u00fcbergab seine Funktion als Kassenwart nach 36 Jahren (!) an Thomas M\u00fcller. An dieser Stelle unser gro\u00dfer Dank an Baumi und Wolfgang f\u00fcr die vielen Jahre der sehr zuverl\u00e4ssigen Arbeiten, die oftmals im Hintergrund stattfinden, aber tragende S\u00e4ule der Feuerwehr Aum\u00fchle sind. Andreas Kr\u00fcger wurde nach einem Jahr im Amt als Wehrf\u00fchrer von Ralf Kreutner zum Hauptbrandmeister mit 2 Sternen bef\u00f6rdert. Axel Bartels erhielt f\u00fcr 25 Jahre aktive Dienstzeit in der FF Aum\u00fchle das Brandschutz-Ehrenzeichen in Silber am Bande, so wie eine Ehrentafel als Dank f\u00fcr seine geleistet Arbeit. Nicht unerw\u00e4hnt soll bleiben, dass im Rahmen des Dienstsports sechs Feuerwehrleute ihr Deutsches Sportabzeichen absolviert haben.<\/p>\n\n\n\n<figure class=\"wp-block-image size-large\"><a  href=\"https:\/\/www.feuerwehr-aumuehle.de\/wopre\/wp-content\/uploads\/2020\/04\/2020-03-fwb_1.jpg\" data-rel=\"gallery-gallery-0\" data-rl_title=\"\" data-rl_caption=\"\" title=\"\"><img loading=\"lazy\" decoding=\"async\" width=\"990\" height=\"768\" src=\"https:\/\/www.feuerwehr-aumuehle.de\/wopre\/wp-content\/uploads\/2020\/04\/2020-03-fwb_1.jpg\" alt=\"\" class=\"wp-image-4349\" srcset=\"https:\/\/www.feuerwehr-aumuehle.de\/wopre\/wp-content\/uploads\/2020\/04\/2020-03-fwb_1.jpg 990w, https:\/\/www.feuerwehr-aumuehle.de\/wopre\/wp-content\/uploads\/2020\/04\/2020-03-fwb_1-300x233.jpg 300w, https:\/\/www.feuerwehr-aumuehle.de\/wopre\/wp-content\/uploads\/2020\/04\/2020-03-fwb_1-768x596.jpg 768w\" sizes=\"auto, (max-width: 990px) 100vw, 990px\" \/><\/a><figcaption>Seit 25 Jahren im Einsatzdienst der FF Aum\u00fchle; Axel Bartels erhielt neben einem Ehrenabzeichen auch eine Ehrentafel als Dank von Wehrf\u00fchrer Andreas Kr\u00fcger \u00fcberreicht.<\/figcaption><\/figure>\n\n\n\n<p>Zum Ende hin zog Erhard Bartels als Vorsitzender des F\u00f6rdervereins der Freiwilligen Feuerwehr Aum\u00fchle ein Res\u00fcmee \u00fcber das zur\u00fcckliegende Jahr. \u2013 Auch hier ein gro\u00dfes Dankesch\u00f6n f\u00fcr die geleistete Arbeit und die Anschaffungen, die durch den F\u00f6rderverein erm\u00f6glich wurden! \u2013 Vielen Dank an jeden Einzelnen, der im vergangenen Jahr gespendet hat und damit seine Unterst\u00fctzung unserer ehrenamtlichen Arbeit Ausdruck verleiht.<\/p>\n\n\n\n<p>Achja, und da waren auch noch Eins\u00e4tze im vergangenen Monat.<\/p>\n\n\n\n<p>Ein M\u00fclltonnenbrand mitten in der Nacht, ein defekter LKW-Ladekran der \u00d6l verlor und ein liegengebliebener ICE im Sachsenwald, der evakuiert werden musste.<\/p>\n\n\n\n<p>Zurzeit besch\u00e4ftigten uns alle die Folgen des Coronavirus. Auch als Freiwillige Feuerwehr setzen wir uns verantwortungsbewusst mit diesem Thema auseinander und haben bis auf Weiteres alle nicht zwingenden Zusammenk\u00fcnfte ausgesetzt. Die Einsatzbereitschaft bleibt selbstverst\u00e4ndlich weiterhin gegeben.<\/p>\n\n\n\n<hr class=\"wp-block-separator\"\/>\n\n\n\n<figure class=\"wp-block-image size-medium\"><a  href=\"https:\/\/www.feuerwehr-aumuehle.de\/wopre\/wp-content\/uploads\/2020\/04\/2020-04-sawa-fb-1500.jpg\" data-rel=\"gallery-gallery-0\" data-rl_title=\"\" data-rl_caption=\"\" title=\"\"><img loading=\"lazy\" decoding=\"async\" width=\"300\" height=\"300\" src=\"https:\/\/www.feuerwehr-aumuehle.de\/wopre\/wp-content\/uploads\/2020\/04\/2020-04-sawa-fb-1500-300x300.jpg\" alt=\"\" class=\"wp-image-4351\" srcset=\"https:\/\/www.feuerwehr-aumuehle.de\/wopre\/wp-content\/uploads\/2020\/04\/2020-04-sawa-fb-1500-300x300.jpg 300w, https:\/\/www.feuerwehr-aumuehle.de\/wopre\/wp-content\/uploads\/2020\/04\/2020-04-sawa-fb-1500-1024x1024.jpg 1024w, https:\/\/www.feuerwehr-aumuehle.de\/wopre\/wp-content\/uploads\/2020\/04\/2020-04-sawa-fb-1500-150x150.jpg 150w, https:\/\/www.feuerwehr-aumuehle.de\/wopre\/wp-content\/uploads\/2020\/04\/2020-04-sawa-fb-1500-768x768.jpg 768w, https:\/\/www.feuerwehr-aumuehle.de\/wopre\/wp-content\/uploads\/2020\/04\/2020-04-sawa-fb-1500-75x75.jpg 75w, https:\/\/www.feuerwehr-aumuehle.de\/wopre\/wp-content\/uploads\/2020\/04\/2020-04-sawa-fb-1500-960x960.jpg 960w, https:\/\/www.feuerwehr-aumuehle.de\/wopre\/wp-content\/uploads\/2020\/04\/2020-04-sawa-fb-1500-180x180.jpg 180w, https:\/\/www.feuerwehr-aumuehle.de\/wopre\/wp-content\/uploads\/2020\/04\/2020-04-sawa-fb-1500-55x55.jpg 55w, https:\/\/www.feuerwehr-aumuehle.de\/wopre\/wp-content\/uploads\/2020\/04\/2020-04-sawa-fb-1500.jpg 1500w\" sizes=\"auto, (max-width: 300px) 100vw, 300px\" \/><\/a><\/figure>\n","protected":false},"excerpt":{"rendered":"<p>Am 06.03.2020 fand unsere Jahreshauptversammlung im Feuerwehrger\u00e4tehaus statt. Neben dem stellvertretenden B\u00fcrgermeister Alexander Bargon, waren auch Vertreter der Amtswehrf\u00fchrung sowie der Ehren- und Jugendabteilung der Einladung von Wehrf\u00fchrer Andreas Kr\u00fcger gefolgt. Gleich zu Anfang der Sitzung konnten sieben (!) neue Feuerwehrfrauen und -M\u00e4nner in den Feuerwehreinsatzdienst aufgenommen werden. Diese hohe Zahl an neuen Mitgliedern spiegelt [&hellip;]<\/p>\n","protected":false},"author":2,"featured_media":4352,"comment_status":"closed","ping_status":"open","sticky":false,"template":"","format":"standard","meta":{"footnotes":""},"categories":[51,52],"tags":[],"class_list":["post-4353","post","type-post","status-publish","format-standard","has-post-thumbnail","hentry","category-monatsbericht","category-presse"],"_links":{"self":[{"href":"https:\/\/www.feuerwehr-aumuehle.de\/wopre\/wp-json\/wp\/v2\/posts\/4353","targetHints":{"allow":["GET"]}}],"collection":[{"href":"https:\/\/www.feuerwehr-aumuehle.de\/wopre\/wp-json\/wp\/v2\/posts"}],"about":[{"href":"https:\/\/www.feuerwehr-aumuehle.de\/wopre\/wp-json\/wp\/v2\/types\/post"}],"author":[{"embeddable":true,"href":"https:\/\/www.feuerwehr-aumuehle.de\/wopre\/wp-json\/wp\/v2\/users\/2"}],"replies":[{"embeddable":true,"href":"https:\/\/www.feuerwehr-aumuehle.de\/wopre\/wp-json\/wp\/v2\/comments?post=4353"}],"version-history":[{"count":1,"href":"https:\/\/www.feuerwehr-aumuehle.de\/wopre\/wp-json\/wp\/v2\/posts\/4353\/revisions"}],"predecessor-version":[{"id":4354,"href":"https:\/\/www.feuerwehr-aumuehle.de\/wopre\/wp-json\/wp\/v2\/posts\/4353\/revisions\/4354"}],"wp:featuredmedia":[{"embeddable":true,"href":"https:\/\/www.feuerwehr-aumuehle.de\/wopre\/wp-json\/wp\/v2\/media\/4352"}],"wp:attachment":[{"href":"https:\/\/www.feuerwehr-aumuehle.de\/wopre\/wp-json\/wp\/v2\/media?parent=4353"}],"wp:term":[{"taxonomy":"category","embeddable":true,"href":"https:\/\/www.feuerwehr-aumuehle.de\/wopre\/wp-json\/wp\/v2\/categories?post=4353"},{"taxonomy":"post_tag","embeddable":true,"href":"https:\/\/www.feuerwehr-aumuehle.de\/wopre\/wp-json\/wp\/v2\/tags?post=4353"}],"curies":[{"name":"wp","href":"https:\/\/api.w.org\/{rel}","templated":true}]}}