{"id":4730,"date":"2021-05-12T21:08:02","date_gmt":"2021-05-12T19:08:02","guid":{"rendered":"https:\/\/www.feuerwehr-aumuehle.de\/wopre\/?p=4730"},"modified":"2021-05-12T21:08:21","modified_gmt":"2021-05-12T19:08:21","slug":"corona-gruppenimpfung-am-feuerwehrgeraetehaus","status":"publish","type":"post","link":"https:\/\/www.feuerwehr-aumuehle.de\/wopre\/corona-gruppenimpfung-am-feuerwehrgeraetehaus\/","title":{"rendered":"Corona Gruppenimpfung am Feuerwehrger\u00e4tehaus"},"content":{"rendered":"\n<p>\u2705&nbsp;Heute fand bei uns im Feuerwehrger\u00e4tehaus die erste Corona Gruppenimpfung mit fast 20 Kamerad:innen statt.&nbsp;\ud83d\ude92<\/p>\n\n\n\n<p>Nach einer gemeinsamen Unterweisung auf dem Hof durch Herrn Dr. med. Lamersdorf&nbsp;\ud83d\udc68\u200d\u2695\ufe0f&nbsp;gab es nach einem kurzen Einzelgespr\u00e4ch die Impfung im extra daf\u00fcr umgebauten Ger\u00e4tehaus.&nbsp;\ud83d\udc89<br>Einige Kameraden hatten zuvor die Fahrzeughallen in drei Bereiche aufgeteilt und mit Trennw\u00e4nden kleine Kabinen eingerichtet. F\u00fcr den Notfall stand eine Liege bereit und die HLF Fahrzeughalle&nbsp;diente als Ruheraum f\u00fcr die 15-min\u00fctige Beobachtung nach der Impfung.&nbsp;\u23f1<\/p>\n\n\n\n<p>Ein gro\u00dfer Dank gilt dem Team der Gemeinschaftspraxis Bergstra\u00dfe in Aum\u00fchle, das nach unserer Anfrage sehr schnell die Impfung am Ger\u00e4tehaus erm\u00f6glicht hat!&nbsp;\ud83c\udf89<\/p>\n\n\n\n<p>Mit diesem Schritt konnte die Einsatzbereitschaft der Freiwilligen Feuerwehr Aum\u00fchle ein ganzes St\u00fcck verbessert werden. \u2013 Die Zweitimpfung soll in absehbarer Zeit auf gleiche Weise erfolgen.<\/p>\n\n\n\n<p><a href=\"https:\/\/de-de.facebook.com\/hashtag\/impfung?__eep__=6&amp;source=feed_text&amp;epa=HASHTAG&amp;__xts__%5B0%5D=68.ARAa4m2zXuePuapF3i4b8wqSeSV1JPyHeEi8yuzWcnJd8Cu5yf7ysGi0eCJ7XTcwyZw2AVhC0muziaLZQkXDb9lb9IgJgNHpmJrS3fwWd6crOCAEc4sfb97ukn4yUxWeq82vaot2P6ZMB-GoZrbTs44t9NslhUxrfn_mqtNdLLEsvF1bJo7edSQoHMyedJdWGfF4YaVWpr8KuP_bcLLiVDlpHwqT8ZD3yHJAExVpabt1sglgqL1-cDq5fWYom8546uLNorhzMMNjtpfiU2LIFs3swsrqqE7TePp_q9dtIsEaUNFsXFzPojc&amp;__tn__=%2ANK-R\">#Impfung<\/a>&nbsp;<a href=\"https:\/\/de-de.facebook.com\/hashtag\/feuerwehr?__eep__=6&amp;source=feed_text&amp;epa=HASHTAG&amp;__xts__%5B0%5D=68.ARAa4m2zXuePuapF3i4b8wqSeSV1JPyHeEi8yuzWcnJd8Cu5yf7ysGi0eCJ7XTcwyZw2AVhC0muziaLZQkXDb9lb9IgJgNHpmJrS3fwWd6crOCAEc4sfb97ukn4yUxWeq82vaot2P6ZMB-GoZrbTs44t9NslhUxrfn_mqtNdLLEsvF1bJo7edSQoHMyedJdWGfF4YaVWpr8KuP_bcLLiVDlpHwqT8ZD3yHJAExVpabt1sglgqL1-cDq5fWYom8546uLNorhzMMNjtpfiU2LIFs3swsrqqE7TePp_q9dtIsEaUNFsXFzPojc&amp;__tn__=%2ANK-R\">#Feuerwehr<\/a>&nbsp;<a href=\"https:\/\/de-de.facebook.com\/hashtag\/aum%C3%BChle?__eep__=6&amp;source=feed_text&amp;epa=HASHTAG&amp;__xts__%5B0%5D=68.ARAa4m2zXuePuapF3i4b8wqSeSV1JPyHeEi8yuzWcnJd8Cu5yf7ysGi0eCJ7XTcwyZw2AVhC0muziaLZQkXDb9lb9IgJgNHpmJrS3fwWd6crOCAEc4sfb97ukn4yUxWeq82vaot2P6ZMB-GoZrbTs44t9NslhUxrfn_mqtNdLLEsvF1bJo7edSQoHMyedJdWGfF4YaVWpr8KuP_bcLLiVDlpHwqT8ZD3yHJAExVpabt1sglgqL1-cDq5fWYom8546uLNorhzMMNjtpfiU2LIFs3swsrqqE7TePp_q9dtIsEaUNFsXFzPojc&amp;__tn__=%2ANK-R\">#Aum\u00fchle<\/a><\/p>\n","protected":false},"excerpt":{"rendered":"<p>\u2705&nbsp;Heute fand bei uns im Feuerwehrger\u00e4tehaus die erste Corona Gruppenimpfung mit fast 20 Kamerad:innen statt.&nbsp;\ud83d\ude92 Nach einer gemeinsamen Unterweisung auf dem Hof durch Herrn Dr. med. Lamersdorf&nbsp;\ud83d\udc68\u200d\u2695\ufe0f&nbsp;gab es nach einem kurzen Einzelgespr\u00e4ch die Impfung im extra daf\u00fcr umgebauten Ger\u00e4tehaus.&nbsp;\ud83d\udc89Einige Kameraden hatten zuvor die Fahrzeughallen in drei Bereiche aufgeteilt und mit Trennw\u00e4nden kleine Kabinen eingerichtet. F\u00fcr [&hellip;]<\/p>\n","protected":false},"author":2,"featured_media":4731,"comment_status":"closed","ping_status":"open","sticky":false,"template":"","format":"standard","meta":{"footnotes":""},"categories":[1],"tags":[],"class_list":["post-4730","post","type-post","status-publish","format-standard","has-post-thumbnail","hentry","category-aktuelles"],"_links":{"self":[{"href":"https:\/\/www.feuerwehr-aumuehle.de\/wopre\/wp-json\/wp\/v2\/posts\/4730","targetHints":{"allow":["GET"]}}],"collection":[{"href":"https:\/\/www.feuerwehr-aumuehle.de\/wopre\/wp-json\/wp\/v2\/posts"}],"about":[{"href":"https:\/\/www.feuerwehr-aumuehle.de\/wopre\/wp-json\/wp\/v2\/types\/post"}],"author":[{"embeddable":true,"href":"https:\/\/www.feuerwehr-aumuehle.de\/wopre\/wp-json\/wp\/v2\/users\/2"}],"replies":[{"embeddable":true,"href":"https:\/\/www.feuerwehr-aumuehle.de\/wopre\/wp-json\/wp\/v2\/comments?post=4730"}],"version-history":[{"count":1,"href":"https:\/\/www.feuerwehr-aumuehle.de\/wopre\/wp-json\/wp\/v2\/posts\/4730\/revisions"}],"predecessor-version":[{"id":4732,"href":"https:\/\/www.feuerwehr-aumuehle.de\/wopre\/wp-json\/wp\/v2\/posts\/4730\/revisions\/4732"}],"wp:featuredmedia":[{"embeddable":true,"href":"https:\/\/www.feuerwehr-aumuehle.de\/wopre\/wp-json\/wp\/v2\/media\/4731"}],"wp:attachment":[{"href":"https:\/\/www.feuerwehr-aumuehle.de\/wopre\/wp-json\/wp\/v2\/media?parent=4730"}],"wp:term":[{"taxonomy":"category","embeddable":true,"href":"https:\/\/www.feuerwehr-aumuehle.de\/wopre\/wp-json\/wp\/v2\/categories?post=4730"},{"taxonomy":"post_tag","embeddable":true,"href":"https:\/\/www.feuerwehr-aumuehle.de\/wopre\/wp-json\/wp\/v2\/tags?post=4730"}],"curies":[{"name":"wp","href":"https:\/\/api.w.org\/{rel}","templated":true}]}}