{"id":5108,"date":"2022-03-25T18:00:00","date_gmt":"2022-03-25T17:00:00","guid":{"rendered":"https:\/\/www.feuerwehr-aumuehle.de\/wopre\/?p=5108"},"modified":"2022-03-26T14:59:42","modified_gmt":"2022-03-26T13:59:42","slug":"hoher-besuch-bei-der-freiwilligen-feuerwehr-aumuehle","status":"publish","type":"post","link":"https:\/\/www.feuerwehr-aumuehle.de\/wopre\/hoher-besuch-bei-der-freiwilligen-feuerwehr-aumuehle\/","title":{"rendered":"Hoher Besuch bei der Freiwilligen Feuerwehr Aum\u00fchle"},"content":{"rendered":"\n<p><strong>Innenministerin von Schleswig-Holstein Frau Dr. Sabine S\u00fctterlin-Waack (CDU) zu Gast in Aum\u00fchle<\/strong><\/p>\n\n\n\n<p>Der Einladung der CDU-Landtagsabgeordneten Andrea Tschacher folgend, besuchte die Ministerin f\u00fcr Inneres, l\u00e4ndliche R\u00e4ume und Integration des Landes Schleswig-Holstein Frau Dr. Sabine S\u00fctterlin-Waack (CDU) heute Aum\u00fchle und machte dabei auch im Feuerwehrger\u00e4tehaus der Freiwilligen Feuerwehr Aum\u00fchle halt. In lockerer Runde dankte sie zun\u00e4chst den anwesenden F\u00fchrungsmitgliedern der Freiwilligen Feuerwehr Wohltorf und Aum\u00fchle sowie dem Amtswehrf\u00fchrer Ralf Kreutner f\u00fcr den unerl\u00e4sslichen und ehrenamtlichen Einsatz f\u00fcr das Wohl und die Sicherheit der B\u00fcrgerinnen und B\u00fcrger in den Gemeinden.<\/p>\n\n\n\n<p>Besonders beeindruckt zeigte sie sich von dem Pragmatismus innerhalb der Freiwilligen Feuerwehren, den sie zuletzt auch wieder in der schnellen Hilfe bei der Errichtung von Notunterk\u00fcnften f\u00fcr ukrainische Fl\u00fcchtlingen gesehen hatte.<\/p>\n\n\n\n<p>Anschlie\u00dfend gab es einen regen Austausch \u00fcber die derzeitige Situation in den Freiwilligen Feuerwehren, die durch die Corona-Pandemie in den vergangen zwei Jahren im Einsatzdienst aber auch besonders im Bereich der Aus- und Fortbildung stark herausgefordert waren. Gro\u00dfes Interesse zeigte Frau Dr. S\u00fctterlin-Waack an der Nachwuchsf\u00f6rderung im Rahmen der Blaulicht-Minis (6-10 Jahre) und Jugendfeuerwehr (10-18 Jahre). Diese findet in Aum\u00fchle und Wohltorf einen sehr starken Zulauf, sodass zurzeit sogar eine Warteliste besteht, da die r\u00e4umlichen und personellen Kapazit\u00e4ten f\u00fcr die Aufnahme weiterer Kinder und Jugendlichen nicht ausreichen. In dieser Nachwuchsarbeit liegt die personelle Zukunft der Feuerwehren und bedarf daher einer besonderen F\u00f6rderung.<\/p>\n\n\n\n<p>Sowohl die Feuerwehr Aum\u00fchle als auch Wohltorf sind in der Projektphase zum Neubau von Feuerwehrger\u00e4teh\u00e4usern. Hierbei konnte berichtet werden, dass beide Gemeinden als Tr\u00e4ger der Feuerwehren diese finanziell und materiell sehr gut ausstatten und damit ihren Pflichten vollumf\u00e4nglich nachkommen. Herausfordernd ist jedoch die personelle Situation bei den ehrenamtlichen Helferinnen und Helfern, und das speziell in der so genannten Tagesverf\u00fcgbarkeit.<\/p>\n\n\n\n<p>Da sich beide Gemeinden im \u201eSpeckg\u00fcrtel\u201c von Hamburg befinden, sind ein Gro\u00dfteil der Feuerwehrmitglieder Pendler, die somit tags\u00fcber nicht bei Eins\u00e4tzen in Wohltorf und Aum\u00fchle zur Verf\u00fcgung stehen. Erschwerend kommt hinzu, dass es immer weniger Gewerbebetriebe in den Gemeinden gibt, deren Besch\u00e4ftigte am Tage einsatzbereit sind.<\/p>\n\n\n\n<p>Eine weitere Herausforderung der sich die Freiwilligen Feuerwehren gegen\u00fcbersehen, ist der Mangel an bezahlbarem Wohnraum. Da es in beiden Gemeinden absehbar keine Neubaugebiete gibt und die Grundst\u00fcckspreise st\u00e4tig stark ansteigen, sind immer mehr Feuerwehrangeh\u00f6rige gezwungen, aus Wohltorf und Aum\u00fchle wegzuziehen und hinterlassen somit gro\u00dfe L\u00fccken in den Mannschaften der Wehren zur\u00fcck.<\/p>\n\n\n\n<p>Erfreulicherweise konnten beide Feuerwehren in den letzten Jahren neue B\u00fcrgerinnen und B\u00fcrger zur ehrenamtlichen Mitarbeit in der Feuerwehr begeistern, jedoch dauert es eine nicht unerhebliche Zeit, bis diese ausgebildet und damit voll einsatzf\u00e4hig sind.<\/p>\n\n\n\n<p>Unterm Strich konnte zusammengefasst werden, dass die Stimmung in den Wehren trotz der vielen Herausforderungen gut ist und man nun hofft, dass die Einschr\u00e4nkungen durch die Corona-Pandemie st\u00e4tig weniger werden.<\/p>\n\n\n\n<p>Da bereits der n\u00e4chste Termin, die Besichtigung der Polizeistation in Aum\u00fchle anstand, musste Andrea Tschacher trotz der guten Gespr\u00e4che etwas auf die Uhr schauen und bedankte sich f\u00fcr die gute Gastfreundschaft, der sich Frau Dr. S\u00fctterlin-Waack in G\u00e4nze anschloss. Beide brachten zum Abschluss erneut ihren gro\u00dfen Dank f\u00fcr den \u201eEinsatz rund um die Uhr\u201c zum Ausdruck und betonten, dass sie jederzeit bei Problemen direkt ansprechbar seien. Zum Abschuss gab es dann noch ein Gruppenfoto vor dem HLF der Freiwilligen Feuerwehr Aum\u00fchle.<\/p>\n\n\n\n<p>Vielen Dank an Frau Andrea Tschacher f\u00fcr diese M\u00f6glichkeit, sich einmal auf pers\u00f6nlicher Ebene mit einer Spitzenpolitikerin des Landes austauschen zu k\u00f6nnen.<\/p>\n\n\n\n<figure class=\"wp-block-gallery has-nested-images columns-default is-cropped wp-block-gallery-1 is-layout-flex wp-block-gallery-is-layout-flex\">\n<figure class=\"wp-block-image size-large\"><a  href=\"https:\/\/www.feuerwehr-aumuehle.de\/wopre\/wp-content\/uploads\/2022\/03\/2022-03-25-im-suetterlin-waack-ffa-scaled.jpg\" data-rel=\"gallery-gallery-0\" data-rl_title=\"\" data-rl_caption=\"\" title=\"\"><img loading=\"lazy\" decoding=\"async\" width=\"2560\" height=\"2560\" data-id=\"5109\" src=\"https:\/\/www.feuerwehr-aumuehle.de\/wopre\/wp-content\/uploads\/2022\/03\/2022-03-25-im-suetterlin-waack-ffa-scaled.jpg\" alt=\"\" class=\"wp-image-5109\" srcset=\"https:\/\/www.feuerwehr-aumuehle.de\/wopre\/wp-content\/uploads\/2022\/03\/2022-03-25-im-suetterlin-waack-ffa-scaled.jpg 2560w, https:\/\/www.feuerwehr-aumuehle.de\/wopre\/wp-content\/uploads\/2022\/03\/2022-03-25-im-suetterlin-waack-ffa-300x300.jpg 300w, https:\/\/www.feuerwehr-aumuehle.de\/wopre\/wp-content\/uploads\/2022\/03\/2022-03-25-im-suetterlin-waack-ffa-1024x1024.jpg 1024w, https:\/\/www.feuerwehr-aumuehle.de\/wopre\/wp-content\/uploads\/2022\/03\/2022-03-25-im-suetterlin-waack-ffa-150x150.jpg 150w, https:\/\/www.feuerwehr-aumuehle.de\/wopre\/wp-content\/uploads\/2022\/03\/2022-03-25-im-suetterlin-waack-ffa-768x768.jpg 768w, https:\/\/www.feuerwehr-aumuehle.de\/wopre\/wp-content\/uploads\/2022\/03\/2022-03-25-im-suetterlin-waack-ffa-1536x1536.jpg 1536w, https:\/\/www.feuerwehr-aumuehle.de\/wopre\/wp-content\/uploads\/2022\/03\/2022-03-25-im-suetterlin-waack-ffa-2048x2048.jpg 2048w, https:\/\/www.feuerwehr-aumuehle.de\/wopre\/wp-content\/uploads\/2022\/03\/2022-03-25-im-suetterlin-waack-ffa-960x960.jpg 960w, https:\/\/www.feuerwehr-aumuehle.de\/wopre\/wp-content\/uploads\/2022\/03\/2022-03-25-im-suetterlin-waack-ffa-180x180.jpg 180w, https:\/\/www.feuerwehr-aumuehle.de\/wopre\/wp-content\/uploads\/2022\/03\/2022-03-25-im-suetterlin-waack-ffa-55x55.jpg 55w\" sizes=\"auto, (max-width: 2560px) 100vw, 2560px\" \/><\/a><\/figure>\n\n\n\n<figure class=\"wp-block-image size-large\"><a  href=\"https:\/\/www.feuerwehr-aumuehle.de\/wopre\/wp-content\/uploads\/2022\/03\/2022-03-25-im-suetterlin-waack-ffa_gesamt1_web.jpg\" data-rel=\"gallery-gallery-0\" data-rl_title=\"\" data-rl_caption=\"\" title=\"\"><img loading=\"lazy\" decoding=\"async\" width=\"1920\" height=\"1080\" data-id=\"5110\" src=\"https:\/\/www.feuerwehr-aumuehle.de\/wopre\/wp-content\/uploads\/2022\/03\/2022-03-25-im-suetterlin-waack-ffa_gesamt1_web.jpg\" alt=\"\" class=\"wp-image-5110\" srcset=\"https:\/\/www.feuerwehr-aumuehle.de\/wopre\/wp-content\/uploads\/2022\/03\/2022-03-25-im-suetterlin-waack-ffa_gesamt1_web.jpg 1920w, https:\/\/www.feuerwehr-aumuehle.de\/wopre\/wp-content\/uploads\/2022\/03\/2022-03-25-im-suetterlin-waack-ffa_gesamt1_web-300x169.jpg 300w, https:\/\/www.feuerwehr-aumuehle.de\/wopre\/wp-content\/uploads\/2022\/03\/2022-03-25-im-suetterlin-waack-ffa_gesamt1_web-1024x576.jpg 1024w, https:\/\/www.feuerwehr-aumuehle.de\/wopre\/wp-content\/uploads\/2022\/03\/2022-03-25-im-suetterlin-waack-ffa_gesamt1_web-768x432.jpg 768w, https:\/\/www.feuerwehr-aumuehle.de\/wopre\/wp-content\/uploads\/2022\/03\/2022-03-25-im-suetterlin-waack-ffa_gesamt1_web-1536x864.jpg 1536w, https:\/\/www.feuerwehr-aumuehle.de\/wopre\/wp-content\/uploads\/2022\/03\/2022-03-25-im-suetterlin-waack-ffa_gesamt1_web-1280x720.jpg 1280w\" sizes=\"auto, (max-width: 1920px) 100vw, 1920px\" \/><\/a><\/figure>\n\n\n\n<figure class=\"wp-block-image size-large\"><a  href=\"https:\/\/www.feuerwehr-aumuehle.de\/wopre\/wp-content\/uploads\/2022\/03\/2022-03-25-im-suetterlin-waack-ffa_gesamt2_web.jpg\" data-rel=\"gallery-gallery-0\" data-rl_title=\"\" data-rl_caption=\"\" title=\"\"><img loading=\"lazy\" decoding=\"async\" width=\"1080\" height=\"1080\" data-id=\"5111\" src=\"https:\/\/www.feuerwehr-aumuehle.de\/wopre\/wp-content\/uploads\/2022\/03\/2022-03-25-im-suetterlin-waack-ffa_gesamt2_web.jpg\" alt=\"\" class=\"wp-image-5111\" srcset=\"https:\/\/www.feuerwehr-aumuehle.de\/wopre\/wp-content\/uploads\/2022\/03\/2022-03-25-im-suetterlin-waack-ffa_gesamt2_web.jpg 1080w, https:\/\/www.feuerwehr-aumuehle.de\/wopre\/wp-content\/uploads\/2022\/03\/2022-03-25-im-suetterlin-waack-ffa_gesamt2_web-300x300.jpg 300w, https:\/\/www.feuerwehr-aumuehle.de\/wopre\/wp-content\/uploads\/2022\/03\/2022-03-25-im-suetterlin-waack-ffa_gesamt2_web-1024x1024.jpg 1024w, https:\/\/www.feuerwehr-aumuehle.de\/wopre\/wp-content\/uploads\/2022\/03\/2022-03-25-im-suetterlin-waack-ffa_gesamt2_web-150x150.jpg 150w, https:\/\/www.feuerwehr-aumuehle.de\/wopre\/wp-content\/uploads\/2022\/03\/2022-03-25-im-suetterlin-waack-ffa_gesamt2_web-768x768.jpg 768w, https:\/\/www.feuerwehr-aumuehle.de\/wopre\/wp-content\/uploads\/2022\/03\/2022-03-25-im-suetterlin-waack-ffa_gesamt2_web-960x960.jpg 960w, https:\/\/www.feuerwehr-aumuehle.de\/wopre\/wp-content\/uploads\/2022\/03\/2022-03-25-im-suetterlin-waack-ffa_gesamt2_web-180x180.jpg 180w, https:\/\/www.feuerwehr-aumuehle.de\/wopre\/wp-content\/uploads\/2022\/03\/2022-03-25-im-suetterlin-waack-ffa_gesamt2_web-55x55.jpg 55w\" sizes=\"auto, (max-width: 1080px) 100vw, 1080px\" \/><\/a><\/figure>\n<\/figure>\n","protected":false},"excerpt":{"rendered":"<p>Innenministerin von Schleswig-Holstein Frau Dr. Sabine S\u00fctterlin-Waack (CDU) zu Gast in Aum\u00fchle Der Einladung der CDU-Landtagsabgeordneten Andrea Tschacher folgend, besuchte die Ministerin f\u00fcr Inneres, l\u00e4ndliche R\u00e4ume und Integration des Landes Schleswig-Holstein Frau Dr. Sabine S\u00fctterlin-Waack (CDU) heute Aum\u00fchle und machte dabei auch im Feuerwehrger\u00e4tehaus der Freiwilligen Feuerwehr Aum\u00fchle halt. In lockerer Runde dankte sie zun\u00e4chst [&hellip;]<\/p>\n","protected":false},"author":2,"featured_media":5110,"comment_status":"closed","ping_status":"open","sticky":false,"template":"","format":"standard","meta":{"footnotes":""},"categories":[1],"tags":[],"class_list":["post-5108","post","type-post","status-publish","format-standard","has-post-thumbnail","hentry","category-aktuelles"],"_links":{"self":[{"href":"https:\/\/www.feuerwehr-aumuehle.de\/wopre\/wp-json\/wp\/v2\/posts\/5108","targetHints":{"allow":["GET"]}}],"collection":[{"href":"https:\/\/www.feuerwehr-aumuehle.de\/wopre\/wp-json\/wp\/v2\/posts"}],"about":[{"href":"https:\/\/www.feuerwehr-aumuehle.de\/wopre\/wp-json\/wp\/v2\/types\/post"}],"author":[{"embeddable":true,"href":"https:\/\/www.feuerwehr-aumuehle.de\/wopre\/wp-json\/wp\/v2\/users\/2"}],"replies":[{"embeddable":true,"href":"https:\/\/www.feuerwehr-aumuehle.de\/wopre\/wp-json\/wp\/v2\/comments?post=5108"}],"version-history":[{"count":1,"href":"https:\/\/www.feuerwehr-aumuehle.de\/wopre\/wp-json\/wp\/v2\/posts\/5108\/revisions"}],"predecessor-version":[{"id":5112,"href":"https:\/\/www.feuerwehr-aumuehle.de\/wopre\/wp-json\/wp\/v2\/posts\/5108\/revisions\/5112"}],"wp:featuredmedia":[{"embeddable":true,"href":"https:\/\/www.feuerwehr-aumuehle.de\/wopre\/wp-json\/wp\/v2\/media\/5110"}],"wp:attachment":[{"href":"https:\/\/www.feuerwehr-aumuehle.de\/wopre\/wp-json\/wp\/v2\/media?parent=5108"}],"wp:term":[{"taxonomy":"category","embeddable":true,"href":"https:\/\/www.feuerwehr-aumuehle.de\/wopre\/wp-json\/wp\/v2\/categories?post=5108"},{"taxonomy":"post_tag","embeddable":true,"href":"https:\/\/www.feuerwehr-aumuehle.de\/wopre\/wp-json\/wp\/v2\/tags?post=5108"}],"curies":[{"name":"wp","href":"https:\/\/api.w.org\/{rel}","templated":true}]}}