{"id":6543,"date":"2025-03-27T09:00:00","date_gmt":"2025-03-27T08:00:00","guid":{"rendered":"https:\/\/www.feuerwehr-aumuehle.de\/wopre\/?p=6543"},"modified":"2025-03-27T09:12:51","modified_gmt":"2025-03-27T08:12:51","slug":"besuch-des-landtages-in-kiel","status":"publish","type":"post","link":"https:\/\/www.feuerwehr-aumuehle.de\/wopre\/besuch-des-landtages-in-kiel\/","title":{"rendered":"Besuch des Landtages in Kiel"},"content":{"rendered":"\n<p>Auf Einladung der Landtagsabgeordneten <a href=\"https:\/\/www.facebook.com\/AndreaTschacher?__cft__[0]=AZXg3wJsLScwVtoqC_V9JJjY5oOThvSBw_EupNszQ9557l2s5kJkKN9463SgFYEuQqeDMawX-vZYKCl8EqheyzxiK4yVHGxluaEJGSvVKNwoWxHdwVmTdevkyJVEDA14frkGTV0iSKgExq-tmPQYcBLV&amp;__tn__=-]K-R\" target=\"_blank\" rel=\"noreferrer noopener\">Andrea Tschacher, MdL<\/a> hatten wir gestern, zusammen mit einer Delegation der Freiwilligen Feuerwehr Wohltorf sowie der B\u00fcrgermeisterin aus Wohltorf Susann Kr\u00f6ger und dem Aum\u00fchler B\u00fcrgermeister Knut Suhk die M\u00f6glichkeit den Landtag in Kiel zu besuchen.<\/p>\n\n\n\n<p>Von der G\u00e4stetrib\u00fcne konnten wir die Plenarsitzung verfolgen und uns die Standpunkte der Parteien zu der Regierungserkl\u00e4rung vom Ministerpr\u00e4sidenten Daniel G\u00fcnther zum Thema Schuldenparket anh\u00f6ren.<\/p>\n\n\n\n<p>Anschlie\u00dfend nahm sich Frau Dr. Sabine S\u00fctterlin-Waack in ihrer Funktion als Ministerin f\u00fcr Inneres, Kommunales, Wohnen und Sport ausf\u00fchrlich Zeit, um sich \u00fcber die Fragen seitens der Feuerwehren aus #Wohltorf und #Aum\u00fchle auszutauschen und aus ihren Ressorts zu berichten.<\/p>\n\n\n\n<p>Nach einer F\u00fchrung durch die R\u00e4umlichkeiten des Landtages von Andrea Tschacher, rundete ein kurzes, pers\u00f6nliches Treffen mit Daniel G\u00fcnther den Besuch ab.<\/p>\n\n\n\n<figure class=\"wp-block-image size-medium\"><a  href=\"https:\/\/www.feuerwehr-aumuehle.de\/wopre\/wp-content\/uploads\/2025\/03\/20250326_landtagfotoalle-scaled.jpg\" data-rel=\"gallery-gallery-0\" data-rl_title=\"\" data-rl_caption=\"\" title=\"\"><img loading=\"lazy\" decoding=\"async\" width=\"300\" height=\"300\" src=\"https:\/\/www.feuerwehr-aumuehle.de\/wopre\/wp-content\/uploads\/2025\/03\/20250326_landtagfotoalle-300x300.jpg\" alt=\"Besuch des Landtages in Kiel 2025\" class=\"wp-image-6544\" srcset=\"https:\/\/www.feuerwehr-aumuehle.de\/wopre\/wp-content\/uploads\/2025\/03\/20250326_landtagfotoalle-300x300.jpg 300w, https:\/\/www.feuerwehr-aumuehle.de\/wopre\/wp-content\/uploads\/2025\/03\/20250326_landtagfotoalle-1024x1024.jpg 1024w, https:\/\/www.feuerwehr-aumuehle.de\/wopre\/wp-content\/uploads\/2025\/03\/20250326_landtagfotoalle-150x150.jpg 150w, https:\/\/www.feuerwehr-aumuehle.de\/wopre\/wp-content\/uploads\/2025\/03\/20250326_landtagfotoalle-768x768.jpg 768w, https:\/\/www.feuerwehr-aumuehle.de\/wopre\/wp-content\/uploads\/2025\/03\/20250326_landtagfotoalle-1536x1536.jpg 1536w, https:\/\/www.feuerwehr-aumuehle.de\/wopre\/wp-content\/uploads\/2025\/03\/20250326_landtagfotoalle-2048x2048.jpg 2048w, https:\/\/www.feuerwehr-aumuehle.de\/wopre\/wp-content\/uploads\/2025\/03\/20250326_landtagfotoalle-600x600.jpg 600w, https:\/\/www.feuerwehr-aumuehle.de\/wopre\/wp-content\/uploads\/2025\/03\/20250326_landtagfotoalle-100x100.jpg 100w, https:\/\/www.feuerwehr-aumuehle.de\/wopre\/wp-content\/uploads\/2025\/03\/20250326_landtagfotoalle-960x960.jpg 960w, https:\/\/www.feuerwehr-aumuehle.de\/wopre\/wp-content\/uploads\/2025\/03\/20250326_landtagfotoalle-180x180.jpg 180w, https:\/\/www.feuerwehr-aumuehle.de\/wopre\/wp-content\/uploads\/2025\/03\/20250326_landtagfotoalle-55x55.jpg 55w\" sizes=\"auto, (max-width: 300px) 100vw, 300px\" \/><\/a><\/figure>\n","protected":false},"excerpt":{"rendered":"<p>Auf Einladung der Landtagsabgeordneten Andrea Tschacher, MdL hatten wir gestern, zusammen mit einer Delegation der Freiwilligen Feuerwehr Wohltorf sowie der B\u00fcrgermeisterin aus Wohltorf Susann Kr\u00f6ger und dem Aum\u00fchler B\u00fcrgermeister Knut Suhk die M\u00f6glichkeit den Landtag in Kiel zu besuchen. Von der G\u00e4stetrib\u00fcne konnten wir die Plenarsitzung verfolgen und uns die Standpunkte der Parteien zu der [&hellip;]<\/p>\n","protected":false},"author":2,"featured_media":6544,"comment_status":"closed","ping_status":"open","sticky":false,"template":"","format":"standard","meta":{"footnotes":""},"categories":[1],"tags":[],"class_list":["post-6543","post","type-post","status-publish","format-standard","has-post-thumbnail","hentry","category-aktuelles"],"_links":{"self":[{"href":"https:\/\/www.feuerwehr-aumuehle.de\/wopre\/wp-json\/wp\/v2\/posts\/6543","targetHints":{"allow":["GET"]}}],"collection":[{"href":"https:\/\/www.feuerwehr-aumuehle.de\/wopre\/wp-json\/wp\/v2\/posts"}],"about":[{"href":"https:\/\/www.feuerwehr-aumuehle.de\/wopre\/wp-json\/wp\/v2\/types\/post"}],"author":[{"embeddable":true,"href":"https:\/\/www.feuerwehr-aumuehle.de\/wopre\/wp-json\/wp\/v2\/users\/2"}],"replies":[{"embeddable":true,"href":"https:\/\/www.feuerwehr-aumuehle.de\/wopre\/wp-json\/wp\/v2\/comments?post=6543"}],"version-history":[{"count":2,"href":"https:\/\/www.feuerwehr-aumuehle.de\/wopre\/wp-json\/wp\/v2\/posts\/6543\/revisions"}],"predecessor-version":[{"id":6547,"href":"https:\/\/www.feuerwehr-aumuehle.de\/wopre\/wp-json\/wp\/v2\/posts\/6543\/revisions\/6547"}],"wp:featuredmedia":[{"embeddable":true,"href":"https:\/\/www.feuerwehr-aumuehle.de\/wopre\/wp-json\/wp\/v2\/media\/6544"}],"wp:attachment":[{"href":"https:\/\/www.feuerwehr-aumuehle.de\/wopre\/wp-json\/wp\/v2\/media?parent=6543"}],"wp:term":[{"taxonomy":"category","embeddable":true,"href":"https:\/\/www.feuerwehr-aumuehle.de\/wopre\/wp-json\/wp\/v2\/categories?post=6543"},{"taxonomy":"post_tag","embeddable":true,"href":"https:\/\/www.feuerwehr-aumuehle.de\/wopre\/wp-json\/wp\/v2\/tags?post=6543"}],"curies":[{"name":"wp","href":"https:\/\/api.w.org\/{rel}","templated":true}]}}