{"id":988,"date":"2014-09-15T19:51:48","date_gmt":"2014-09-15T17:51:48","guid":{"rendered":"http:\/\/vu2080.web2.premium-webspace.net\/wopre\/?p=988"},"modified":"2015-05-02T22:25:30","modified_gmt":"2015-05-02T20:25:30","slug":"feuerwehr-aumuehle-oeffnet-tueren-und-tore","status":"publish","type":"post","link":"https:\/\/www.feuerwehr-aumuehle.de\/wopre\/feuerwehr-aumuehle-oeffnet-tueren-und-tore\/","title":{"rendered":"Feuerwehr Aum\u00fchle \u00f6ffnet T\u00fcren und Tore"},"content":{"rendered":"<div id=\"attachment_989\" class=\"wp-caption alignright\" style=\"width: 900px\"><a  href=\"http:\/\/vu2080.web2.premium-webspace.net\/wopre\/wp-content\/uploads\/2015\/04\/FFA-2014-09-awa-tdot.jpg\" data-rel=\"gallery-gallery-0\" data-rl_title=\"\" data-rl_caption=\"\" title=\"\"><img loading=\"lazy\" decoding=\"async\" class=\"size-full wp-image-989\" src=\"http:\/\/vu2080.web2.premium-webspace.net\/wopre\/wp-content\/uploads\/2015\/04\/FFA-2014-09-awa-tdot.jpg\" alt=\"Tag der offenen T\u00fcr bei der Freiwilligen Feuerwehr Aum\u00fchle - Artikel aus der \u201eSachsenwald aktuell\u201d vom September 2014, Seite 50\" width=\"900\" height=\"593\" srcset=\"https:\/\/www.feuerwehr-aumuehle.de\/wopre\/wp-content\/uploads\/2015\/04\/FFA-2014-09-awa-tdot.jpg 900w, https:\/\/www.feuerwehr-aumuehle.de\/wopre\/wp-content\/uploads\/2015\/04\/FFA-2014-09-awa-tdot-300x198.jpg 300w\" sizes=\"auto, (max-width: 900px) 100vw, 900px\" \/><\/a><p class=\"wp-caption-text\">Tag der offenen T\u00fcr bei der Freiwilligen Feuerwehr Aum\u00fchle &#8211; Artikel aus der \u201eSachsenwald aktuell\u201d vom September 2014, Seite 50<\/p><\/div>\n","protected":false},"excerpt":{"rendered":"","protected":false},"author":4,"featured_media":1165,"comment_status":"closed","ping_status":"open","sticky":false,"template":"","format":"standard","meta":{"footnotes":""},"categories":[1,53,52],"tags":[132],"class_list":["post-988","post","type-post","status-publish","format-standard","has-post-thumbnail","hentry","category-aktuelles","category-bericht","category-presse","tag-tag-der-offenen-tuer"],"_links":{"self":[{"href":"https:\/\/www.feuerwehr-aumuehle.de\/wopre\/wp-json\/wp\/v2\/posts\/988","targetHints":{"allow":["GET"]}}],"collection":[{"href":"https:\/\/www.feuerwehr-aumuehle.de\/wopre\/wp-json\/wp\/v2\/posts"}],"about":[{"href":"https:\/\/www.feuerwehr-aumuehle.de\/wopre\/wp-json\/wp\/v2\/types\/post"}],"author":[{"embeddable":true,"href":"https:\/\/www.feuerwehr-aumuehle.de\/wopre\/wp-json\/wp\/v2\/users\/4"}],"replies":[{"embeddable":true,"href":"https:\/\/www.feuerwehr-aumuehle.de\/wopre\/wp-json\/wp\/v2\/comments?post=988"}],"version-history":[{"count":1,"href":"https:\/\/www.feuerwehr-aumuehle.de\/wopre\/wp-json\/wp\/v2\/posts\/988\/revisions"}],"predecessor-version":[{"id":990,"href":"https:\/\/www.feuerwehr-aumuehle.de\/wopre\/wp-json\/wp\/v2\/posts\/988\/revisions\/990"}],"wp:featuredmedia":[{"embeddable":true,"href":"https:\/\/www.feuerwehr-aumuehle.de\/wopre\/wp-json\/wp\/v2\/media\/1165"}],"wp:attachment":[{"href":"https:\/\/www.feuerwehr-aumuehle.de\/wopre\/wp-json\/wp\/v2\/media?parent=988"}],"wp:term":[{"taxonomy":"category","embeddable":true,"href":"https:\/\/www.feuerwehr-aumuehle.de\/wopre\/wp-json\/wp\/v2\/categories?post=988"},{"taxonomy":"post_tag","embeddable":true,"href":"https:\/\/www.feuerwehr-aumuehle.de\/wopre\/wp-json\/wp\/v2\/tags?post=988"}],"curies":[{"name":"wp","href":"https:\/\/api.w.org\/{rel}","templated":true}]}}